{"id":1273,"date":"2022-12-05T18:56:00","date_gmt":"2022-12-05T17:56:00","guid":{"rendered":"https:\/\/www.dominikanigrant.sk\/?p=1273"},"modified":"2022-12-05T18:56:00","modified_gmt":"2022-12-05T17:56:00","slug":"vystava-marek-ormandik-koncert-jiri-dedecek","status":"publish","type":"post","link":"https:\/\/www.dominikanigrant.sk\/en\/vystava-marek-ormandik-koncert-jiri-dedecek\/","title":{"rendered":"V\u00fdstava &#8211; Marek Ormand\u00edk + koncert Ji\u0159\u00ed D\u011bde\u010dek"},"content":{"rendered":"<p><img decoding=\"async\" class=\"alignnone size-medium wp-image-1274\" src=\"https:\/\/www.dominikanigrant.sk\/wp-content\/uploads\/2022\/12\/plagat_kosice_1-212x300.jpg\" alt=\"\" width=\"212\" height=\"300\" srcset=\"https:\/\/www.dominikanigrant.sk\/wp-content\/uploads\/2022\/12\/plagat_kosice_1-200x283.jpg 200w, https:\/\/www.dominikanigrant.sk\/wp-content\/uploads\/2022\/12\/plagat_kosice_1-212x300.jpg 212w, https:\/\/www.dominikanigrant.sk\/wp-content\/uploads\/2022\/12\/plagat_kosice_1-400x566.jpg 400w, https:\/\/www.dominikanigrant.sk\/wp-content\/uploads\/2022\/12\/plagat_kosice_1-600x849.jpg 600w, https:\/\/www.dominikanigrant.sk\/wp-content\/uploads\/2022\/12\/plagat_kosice_1-724x1024.jpg 724w, https:\/\/www.dominikanigrant.sk\/wp-content\/uploads\/2022\/12\/plagat_kosice_1-768x1086.jpg 768w, https:\/\/www.dominikanigrant.sk\/wp-content\/uploads\/2022\/12\/plagat_kosice_1-800x1131.jpg 800w, https:\/\/www.dominikanigrant.sk\/wp-content\/uploads\/2022\/12\/plagat_kosice_1.jpg 905w\" sizes=\"(max-width: 212px) 100vw, 212px\" \/><img decoding=\"async\" class=\"alignnone size-medium wp-image-1276\" src=\"https:\/\/www.dominikanigrant.sk\/wp-content\/uploads\/2022\/12\/JIR\u030cI\u0301-DE\u030cDEC\u030cEK-plaga\u0301t-212x300.jpg\" alt=\"\" width=\"212\" height=\"300\" srcset=\"https:\/\/www.dominikanigrant.sk\/wp-content\/uploads\/2022\/12\/JIR\u030cI\u0301-DE\u030cDEC\u030cEK-plaga\u0301t-200x283.jpg 200w, https:\/\/www.dominikanigrant.sk\/wp-content\/uploads\/2022\/12\/JIR\u030cI\u0301-DE\u030cDEC\u030cEK-plaga\u0301t-212x300.jpg 212w, https:\/\/www.dominikanigrant.sk\/wp-content\/uploads\/2022\/12\/JIR\u030cI\u0301-DE\u030cDEC\u030cEK-plaga\u0301t-400x566.jpg 400w, https:\/\/www.dominikanigrant.sk\/wp-content\/uploads\/2022\/12\/JIR\u030cI\u0301-DE\u030cDEC\u030cEK-plaga\u0301t-600x849.jpg 600w, https:\/\/www.dominikanigrant.sk\/wp-content\/uploads\/2022\/12\/JIR\u030cI\u0301-DE\u030cDEC\u030cEK-plaga\u0301t-724x1024.jpg 724w, https:\/\/www.dominikanigrant.sk\/wp-content\/uploads\/2022\/12\/JIR\u030cI\u0301-DE\u030cDEC\u030cEK-plaga\u0301t-768x1086.jpg 768w, https:\/\/www.dominikanigrant.sk\/wp-content\/uploads\/2022\/12\/JIR\u030cI\u0301-DE\u030cDEC\u030cEK-plaga\u0301t-800x1131.jpg 800w, https:\/\/www.dominikanigrant.sk\/wp-content\/uploads\/2022\/12\/JIR\u030cI\u0301-DE\u030cDEC\u030cEK-plaga\u0301t.jpg 905w\" sizes=\"(max-width: 212px) 100vw, 212px\" \/><\/p>\n<div class=\"x11i5rnm xat24cr x1mh8g0r x1vvkbs xdj266r\">Srde\u010dne V\u00e1s poz\u00fdvame na vernis\u00e1\u017e Mareka Ormand\u00edka, ktor\u00e1 za\u010dne o 17:30 hod. N\u00e1sledne po nej o 19:00 hod. bude koncert Ji\u0159\u00edho D\u011bde\u010dka.<\/div>\n<div class=\"x11i5rnm xat24cr x1mh8g0r x1vvkbs xtlvy1s\">L\u00edstky na Ji\u0159\u00edho D\u011bde\u010dka si m\u00f4\u017eete zak\u00fapi\u0165 tu:<br \/>\n<a class=\"x1i10hfl xjbqb8w x6umtig x1b1mbwd xaqea5y xav7gou x9f619 x1ypdohk xt0psk2 xe8uvvx xdj266r x11i5rnm xat24cr x1mh8g0r xexx8yu x4uap5 x18d9i69 xkhd6sd x16tdsg8 x1hl2dhg xggy1nq x1a2a7pz xt0b8zv x1fey0fg\" tabindex=\"0\" role=\"link\" href=\"https:\/\/predpredaj.zoznam.sk\/sk\/listky\/jiri-dedecek-2022-12-11\/?fbclid=IwAR0YoDWgpP26TFQj_7WgGo8VFu09Nox12GO96dNaA0Oli_4seXKK8WBlLOY\" target=\"_blank\" rel=\"nofollow noopener\">https:\/\/predpredaj.zoznam.sk\/&#8230;\/jiri-dedecek-2022-12-11\/<\/a><\/div>\n<div class=\"x11i5rnm xat24cr x1mh8g0r x1vvkbs xtlvy1s\">Marek Ormand\u00edk patr\u00ed medzi v\u00fdznamn\u00fdch tvorcov svojej gener\u00e1cie, realizoval mno\u017estvo samostatn\u00fdch i skupinov\u00fdch v\u00fdstav nielen na Slovensku, ale aj v \u010cesku, Rusku, Slovinsku, Franc\u00fazsku, N\u00f3rsku, Taliansku, Po\u013esku, Nemecku, Chorv\u00e1tsku, Srbsku, Bielorusku \u010di Rak\u00fasku.[2][1] Venuje sa ma\u013ebe, kresbe, soch\u00e1rskej tvorbe, grafike a ilustrovaniu.<\/div>\n<div class=\"x11i5rnm xat24cr x1mh8g0r x1vvkbs xtlvy1s\">\u201eNa Ji\u0159\u00edm D\u011bde\u010dkovi m\u011b odjak\u017eiva fascinuje jeho hrav\u00e1 a mnohotv\u00e1\u0159n\u00e1 \u010de\u0161tina, jeho lehkost, s jakou dok\u00e1\u017ee popsat ty nejzoufalej\u0161\u00ed du\u0161evn\u00ed stavy a jist\u00fd druh n\u011bhy, kter\u00e1 n\u011bkdy nab\u00fdv\u00e1 a\u017e fat\u00e1ln\u00edch rozm\u011br\u016f: \u201eDobr\u00fd r\u00e1no, kdo m\u011b to bud\u00ed? Je to zrze\u010dka s propadlou hrud\u00ed \/\u2026\/ Dobr\u00fd r\u00e1no a pusu mi d\u00e1v\u00e1, pak si p\u0159ed zrcadlem s ohn\u011bm zahr\u00e1v\u00e1. \/\u2026\/ Dobr\u00fd r\u00e1no a vo\u010di vesel\u00fd, to jsou ty chv\u00edle sladkokysel\u00fd, l\u00edb\u00ed se mi to, l\u00edb\u00ed, tak sladce tr\u00fdzniv\u00fd, dokavad ty vlasy neze\u0161ediv\u00ed\u2026\u201c\u201c<\/div>\n<div class=\"x11i5rnm xat24cr x1mh8g0r x1vvkbs xtlvy1s\">&#8211; Jan Burian<\/div>\n","protected":false},"excerpt":{"rendered":"<p>Srde\u010dne V\u00e1s poz\u00fdvame na vernis\u00e1\u017e Mareka Ormand\u00edka, ktor\u00e1 za\u010dne o [&hellip;]<\/p>\n","protected":false},"author":3,"featured_media":1274,"comment_status":"open","ping_status":"open","sticky":false,"template":"","format":"standard","meta":{"footnotes":""},"categories":[23],"tags":[],"yoast_head":"<!-- This site is optimized with the Yoast SEO plugin v21.6 - https:\/\/yoast.com\/wordpress\/plugins\/seo\/ -->\n<title>V\u00fdstava - Marek Ormand\u00edk + koncert Ji\u0159\u00ed D\u011bde\u010dek - Dominik\u00e1ni Grant<\/title>\n<meta name=\"robots\" content=\"index, follow, max-snippet:-1, max-image-preview:large, max-video-preview:-1\" \/>\n<link rel=\"canonical\" href=\"https:\/\/www.dominikanigrant.sk\/vystava-marek-ormandik-koncert-jiri-dedecek\/\" \/>\n<meta property=\"og:locale\" content=\"en_US\" \/>\n<meta property=\"og:type\" content=\"article\" \/>\n<meta property=\"og:title\" content=\"V\u00fdstava - Marek Ormand\u00edk + koncert Ji\u0159\u00ed D\u011bde\u010dek - Dominik\u00e1ni Grant\" \/>\n<meta property=\"og:description\" content=\"Srde\u010dne V\u00e1s poz\u00fdvame na vernis\u00e1\u017e Mareka Ormand\u00edka, ktor\u00e1 za\u010dne o [&hellip;]\" \/>\n<meta property=\"og:url\" content=\"https:\/\/www.dominikanigrant.sk\/vystava-marek-ormandik-koncert-jiri-dedecek\/\" \/>\n<meta property=\"og:site_name\" content=\"Dominik\u00e1ni Grant\" \/>\n<meta property=\"article:publisher\" content=\"https:\/\/www.facebook.com\/Dominik%c3%a1ni-Grant-102597252187835\" \/>\n<meta property=\"article:published_time\" content=\"2022-12-05T17:56:00+00:00\" \/>\n<meta property=\"og:image\" content=\"https:\/\/www.dominikanigrant.sk\/wp-content\/uploads\/2022\/12\/plagat_kosice_1.jpg\" \/>\n\t<meta property=\"og:image:width\" content=\"905\" \/>\n\t<meta property=\"og:image:height\" content=\"1280\" \/>\n\t<meta property=\"og:image:type\" content=\"image\/jpeg\" \/>\n<meta name=\"author\" content=\"Mat\u00fa\u0161 Buch\" \/>\n<meta name=\"twitter:card\" content=\"summary_large_image\" \/>\n<meta name=\"twitter:label1\" content=\"Written by\" \/>\n\t<meta name=\"twitter:data1\" content=\"Mat\u00fa\u0161 Buch\" \/>\n\t<meta name=\"twitter:label2\" content=\"Est. reading time\" \/>\n\t<meta name=\"twitter:data2\" content=\"2 minutes\" \/>\n<script type=\"application\/ld+json\" class=\"yoast-schema-graph\">{\"@context\":\"https:\/\/schema.org\",\"@graph\":[{\"@type\":\"Article\",\"@id\":\"https:\/\/www.dominikanigrant.sk\/vystava-marek-ormandik-koncert-jiri-dedecek\/#article\",\"isPartOf\":{\"@id\":\"https:\/\/www.dominikanigrant.sk\/vystava-marek-ormandik-koncert-jiri-dedecek\/\"},\"author\":{\"name\":\"Mat\u00fa\u0161 Buch\",\"@id\":\"https:\/\/www.dominikanigrant.sk\/#\/schema\/person\/ee18413b83be685f112e09e49ec082f4\"},\"headline\":\"V\u00fdstava &#8211; Marek Ormand\u00edk + koncert Ji\u0159\u00ed D\u011bde\u010dek\",\"datePublished\":\"2022-12-05T17:56:00+00:00\",\"dateModified\":\"2022-12-05T17:56:00+00:00\",\"mainEntityOfPage\":{\"@id\":\"https:\/\/www.dominikanigrant.sk\/vystava-marek-ormandik-koncert-jiri-dedecek\/\"},\"wordCount\":227,\"commentCount\":0,\"publisher\":{\"@id\":\"https:\/\/www.dominikanigrant.sk\/#organization\"},\"articleSection\":[\"Kinos\u00e1la Lexman\"],\"inLanguage\":\"en-US\",\"potentialAction\":[{\"@type\":\"CommentAction\",\"name\":\"Comment\",\"target\":[\"https:\/\/www.dominikanigrant.sk\/vystava-marek-ormandik-koncert-jiri-dedecek\/#respond\"]}]},{\"@type\":\"WebPage\",\"@id\":\"https:\/\/www.dominikanigrant.sk\/vystava-marek-ormandik-koncert-jiri-dedecek\/\",\"url\":\"https:\/\/www.dominikanigrant.sk\/vystava-marek-ormandik-koncert-jiri-dedecek\/\",\"name\":\"V\u00fdstava - Marek Ormand\u00edk + koncert Ji\u0159\u00ed D\u011bde\u010dek - Dominik\u00e1ni Grant\",\"isPartOf\":{\"@id\":\"https:\/\/www.dominikanigrant.sk\/#website\"},\"datePublished\":\"2022-12-05T17:56:00+00:00\",\"dateModified\":\"2022-12-05T17:56:00+00:00\",\"breadcrumb\":{\"@id\":\"https:\/\/www.dominikanigrant.sk\/vystava-marek-ormandik-koncert-jiri-dedecek\/#breadcrumb\"},\"inLanguage\":\"en-US\",\"potentialAction\":[{\"@type\":\"ReadAction\",\"target\":[\"https:\/\/www.dominikanigrant.sk\/vystava-marek-ormandik-koncert-jiri-dedecek\/\"]}]},{\"@type\":\"BreadcrumbList\",\"@id\":\"https:\/\/www.dominikanigrant.sk\/vystava-marek-ormandik-koncert-jiri-dedecek\/#breadcrumb\",\"itemListElement\":[{\"@type\":\"ListItem\",\"position\":1,\"name\":\"Home\",\"item\":\"https:\/\/www.dominikanigrant.sk\/en\/\"},{\"@type\":\"ListItem\",\"position\":2,\"name\":\"V\u00fdstava &#8211; Marek Ormand\u00edk + koncert Ji\u0159\u00ed D\u011bde\u010dek\"}]},{\"@type\":\"WebSite\",\"@id\":\"https:\/\/www.dominikanigrant.sk\/#website\",\"url\":\"https:\/\/www.dominikanigrant.sk\/\",\"name\":\"Dominik\u00e1ni Grant\",\"description\":\"Dne\u0161ok je mostom k zajtraj\u0161ku \u2013 Dominik\u00e1nsky kostol v Ko\u0161iciach \u2013 re\u0161taurovanie fas\u00e1dy\",\"publisher\":{\"@id\":\"https:\/\/www.dominikanigrant.sk\/#organization\"},\"potentialAction\":[{\"@type\":\"SearchAction\",\"target\":{\"@type\":\"EntryPoint\",\"urlTemplate\":\"https:\/\/www.dominikanigrant.sk\/?s={search_term_string}\"},\"query-input\":\"required name=search_term_string\"}],\"inLanguage\":\"en-US\"},{\"@type\":\"Organization\",\"@id\":\"https:\/\/www.dominikanigrant.sk\/#organization\",\"name\":\"DOMINIK\u00c1NI GRANT\",\"url\":\"https:\/\/www.dominikanigrant.sk\/\",\"logo\":{\"@type\":\"ImageObject\",\"inLanguage\":\"en-US\",\"@id\":\"https:\/\/www.dominikanigrant.sk\/#\/schema\/logo\/image\/\",\"url\":\"https:\/\/www.dominikanigrant.sk\/wp-content\/uploads\/2021\/04\/dominikanigrant-logo2x.png\",\"contentUrl\":\"https:\/\/www.dominikanigrant.sk\/wp-content\/uploads\/2021\/04\/dominikanigrant-logo2x.png\",\"width\":183,\"height\":153,\"caption\":\"DOMINIK\u00c1NI GRANT\"},\"image\":{\"@id\":\"https:\/\/www.dominikanigrant.sk\/#\/schema\/logo\/image\/\"},\"sameAs\":[\"https:\/\/www.facebook.com\/Dominik\u00e1ni-Grant-102597252187835\"]},{\"@type\":\"Person\",\"@id\":\"https:\/\/www.dominikanigrant.sk\/#\/schema\/person\/ee18413b83be685f112e09e49ec082f4\",\"name\":\"Mat\u00fa\u0161 Buch\"}]}<\/script>\n<!-- \/ Yoast SEO plugin. -->","yoast_head_json":{"title":"V\u00fdstava - Marek Ormand\u00edk + koncert Ji\u0159\u00ed D\u011bde\u010dek - Dominik\u00e1ni Grant","robots":{"index":"index","follow":"follow","max-snippet":"max-snippet:-1","max-image-preview":"max-image-preview:large","max-video-preview":"max-video-preview:-1"},"canonical":"https:\/\/www.dominikanigrant.sk\/vystava-marek-ormandik-koncert-jiri-dedecek\/","og_locale":"en_US","og_type":"article","og_title":"V\u00fdstava - Marek Ormand\u00edk + koncert Ji\u0159\u00ed D\u011bde\u010dek - Dominik\u00e1ni Grant","og_description":"Srde\u010dne V\u00e1s poz\u00fdvame na vernis\u00e1\u017e Mareka Ormand\u00edka, ktor\u00e1 za\u010dne o [&hellip;]","og_url":"https:\/\/www.dominikanigrant.sk\/vystava-marek-ormandik-koncert-jiri-dedecek\/","og_site_name":"Dominik\u00e1ni Grant","article_publisher":"https:\/\/www.facebook.com\/Dominik%c3%a1ni-Grant-102597252187835","article_published_time":"2022-12-05T17:56:00+00:00","og_image":[{"width":905,"height":1280,"url":"https:\/\/www.dominikanigrant.sk\/wp-content\/uploads\/2022\/12\/plagat_kosice_1.jpg","type":"image\/jpeg"}],"author":"Mat\u00fa\u0161 Buch","twitter_card":"summary_large_image","twitter_misc":{"Written by":"Mat\u00fa\u0161 Buch","Est. reading time":"2 minutes"},"schema":{"@context":"https:\/\/schema.org","@graph":[{"@type":"Article","@id":"https:\/\/www.dominikanigrant.sk\/vystava-marek-ormandik-koncert-jiri-dedecek\/#article","isPartOf":{"@id":"https:\/\/www.dominikanigrant.sk\/vystava-marek-ormandik-koncert-jiri-dedecek\/"},"author":{"name":"Mat\u00fa\u0161 Buch","@id":"https:\/\/www.dominikanigrant.sk\/#\/schema\/person\/ee18413b83be685f112e09e49ec082f4"},"headline":"V\u00fdstava &#8211; Marek Ormand\u00edk + koncert Ji\u0159\u00ed D\u011bde\u010dek","datePublished":"2022-12-05T17:56:00+00:00","dateModified":"2022-12-05T17:56:00+00:00","mainEntityOfPage":{"@id":"https:\/\/www.dominikanigrant.sk\/vystava-marek-ormandik-koncert-jiri-dedecek\/"},"wordCount":227,"commentCount":0,"publisher":{"@id":"https:\/\/www.dominikanigrant.sk\/#organization"},"articleSection":["Kinos\u00e1la Lexman"],"inLanguage":"en-US","potentialAction":[{"@type":"CommentAction","name":"Comment","target":["https:\/\/www.dominikanigrant.sk\/vystava-marek-ormandik-koncert-jiri-dedecek\/#respond"]}]},{"@type":"WebPage","@id":"https:\/\/www.dominikanigrant.sk\/vystava-marek-ormandik-koncert-jiri-dedecek\/","url":"https:\/\/www.dominikanigrant.sk\/vystava-marek-ormandik-koncert-jiri-dedecek\/","name":"V\u00fdstava - Marek Ormand\u00edk + koncert Ji\u0159\u00ed D\u011bde\u010dek - Dominik\u00e1ni Grant","isPartOf":{"@id":"https:\/\/www.dominikanigrant.sk\/#website"},"datePublished":"2022-12-05T17:56:00+00:00","dateModified":"2022-12-05T17:56:00+00:00","breadcrumb":{"@id":"https:\/\/www.dominikanigrant.sk\/vystava-marek-ormandik-koncert-jiri-dedecek\/#breadcrumb"},"inLanguage":"en-US","potentialAction":[{"@type":"ReadAction","target":["https:\/\/www.dominikanigrant.sk\/vystava-marek-ormandik-koncert-jiri-dedecek\/"]}]},{"@type":"BreadcrumbList","@id":"https:\/\/www.dominikanigrant.sk\/vystava-marek-ormandik-koncert-jiri-dedecek\/#breadcrumb","itemListElement":[{"@type":"ListItem","position":1,"name":"Home","item":"https:\/\/www.dominikanigrant.sk\/en\/"},{"@type":"ListItem","position":2,"name":"V\u00fdstava &#8211; Marek Ormand\u00edk + koncert Ji\u0159\u00ed D\u011bde\u010dek"}]},{"@type":"WebSite","@id":"https:\/\/www.dominikanigrant.sk\/#website","url":"https:\/\/www.dominikanigrant.sk\/","name":"Dominik\u00e1ni Grant","description":"Dne\u0161ok je mostom k zajtraj\u0161ku \u2013 Dominik\u00e1nsky kostol v Ko\u0161iciach \u2013 re\u0161taurovanie fas\u00e1dy","publisher":{"@id":"https:\/\/www.dominikanigrant.sk\/#organization"},"potentialAction":[{"@type":"SearchAction","target":{"@type":"EntryPoint","urlTemplate":"https:\/\/www.dominikanigrant.sk\/?s={search_term_string}"},"query-input":"required name=search_term_string"}],"inLanguage":"en-US"},{"@type":"Organization","@id":"https:\/\/www.dominikanigrant.sk\/#organization","name":"DOMINIK\u00c1NI GRANT","url":"https:\/\/www.dominikanigrant.sk\/","logo":{"@type":"ImageObject","inLanguage":"en-US","@id":"https:\/\/www.dominikanigrant.sk\/#\/schema\/logo\/image\/","url":"https:\/\/www.dominikanigrant.sk\/wp-content\/uploads\/2021\/04\/dominikanigrant-logo2x.png","contentUrl":"https:\/\/www.dominikanigrant.sk\/wp-content\/uploads\/2021\/04\/dominikanigrant-logo2x.png","width":183,"height":153,"caption":"DOMINIK\u00c1NI GRANT"},"image":{"@id":"https:\/\/www.dominikanigrant.sk\/#\/schema\/logo\/image\/"},"sameAs":["https:\/\/www.facebook.com\/Dominik\u00e1ni-Grant-102597252187835"]},{"@type":"Person","@id":"https:\/\/www.dominikanigrant.sk\/#\/schema\/person\/ee18413b83be685f112e09e49ec082f4","name":"Mat\u00fa\u0161 Buch"}]}},"_links":{"self":[{"href":"https:\/\/www.dominikanigrant.sk\/en\/wp-json\/wp\/v2\/posts\/1273"}],"collection":[{"href":"https:\/\/www.dominikanigrant.sk\/en\/wp-json\/wp\/v2\/posts"}],"about":[{"href":"https:\/\/www.dominikanigrant.sk\/en\/wp-json\/wp\/v2\/types\/post"}],"author":[{"embeddable":true,"href":"https:\/\/www.dominikanigrant.sk\/en\/wp-json\/wp\/v2\/users\/3"}],"replies":[{"embeddable":true,"href":"https:\/\/www.dominikanigrant.sk\/en\/wp-json\/wp\/v2\/comments?post=1273"}],"version-history":[{"count":1,"href":"https:\/\/www.dominikanigrant.sk\/en\/wp-json\/wp\/v2\/posts\/1273\/revisions"}],"predecessor-version":[{"id":1278,"href":"https:\/\/www.dominikanigrant.sk\/en\/wp-json\/wp\/v2\/posts\/1273\/revisions\/1278"}],"wp:featuredmedia":[{"embeddable":true,"href":"https:\/\/www.dominikanigrant.sk\/en\/wp-json\/wp\/v2\/media\/1274"}],"wp:attachment":[{"href":"https:\/\/www.dominikanigrant.sk\/en\/wp-json\/wp\/v2\/media?parent=1273"}],"wp:term":[{"taxonomy":"category","embeddable":true,"href":"https:\/\/www.dominikanigrant.sk\/en\/wp-json\/wp\/v2\/categories?post=1273"},{"taxonomy":"post_tag","embeddable":true,"href":"https:\/\/www.dominikanigrant.sk\/en\/wp-json\/wp\/v2\/tags?post=1273"}],"curies":[{"name":"wp","href":"https:\/\/api.w.org\/{rel}","templated":true}]}}