{"id":1414,"date":"2023-03-02T09:11:26","date_gmt":"2023-03-02T08:11:26","guid":{"rendered":"https:\/\/www.dominikanigrant.sk\/?p=1414"},"modified":"2023-03-02T09:11:26","modified_gmt":"2023-03-02T08:11:26","slug":"vernisaz-martin-sulik-co-dom-dal","status":"publish","type":"post","link":"https:\/\/www.dominikanigrant.sk\/en\/vernisaz-martin-sulik-co-dom-dal\/","title":{"rendered":"VERNIS\u00c1\u017d \/ Martin \u0160ul\u00edk &#8211; \u010co dom dal"},"content":{"rendered":"<p><img decoding=\"async\" class=\"alignnone size-medium wp-image-1415\" src=\"https:\/\/www.dominikanigrant.sk\/wp-content\/uploads\/2023\/03\/plagat-212x300.jpg\" alt=\"\" width=\"212\" height=\"300\" srcset=\"https:\/\/www.dominikanigrant.sk\/wp-content\/uploads\/2023\/03\/plagat-200x283.jpg 200w, https:\/\/www.dominikanigrant.sk\/wp-content\/uploads\/2023\/03\/plagat-212x300.jpg 212w, https:\/\/www.dominikanigrant.sk\/wp-content\/uploads\/2023\/03\/plagat-400x566.jpg 400w, https:\/\/www.dominikanigrant.sk\/wp-content\/uploads\/2023\/03\/plagat-600x849.jpg 600w, https:\/\/www.dominikanigrant.sk\/wp-content\/uploads\/2023\/03\/plagat-724x1024.jpg 724w, https:\/\/www.dominikanigrant.sk\/wp-content\/uploads\/2023\/03\/plagat-768x1086.jpg 768w, https:\/\/www.dominikanigrant.sk\/wp-content\/uploads\/2023\/03\/plagat-800x1131.jpg 800w, https:\/\/www.dominikanigrant.sk\/wp-content\/uploads\/2023\/03\/plagat.jpg 905w\" sizes=\"(max-width: 212px) 100vw, 212px\" \/><\/p>\n<p class=\"\"><strong>\u0160peci\u00e1lny hos\u0165: Du\u0161an Du\u0161ek<\/strong><\/p>\n<p class=\"\">Trvanie v\u00fdstavy 3. marec &#8211; 16. apr\u00edl 2023<\/p>\n<p class=\"\"><em>Premietanie filmu o 19.00 hod. &#8211; V\u0161etko \u010do m\u00e1m r\u00e1d (1992, r\u00e9\u017eia Martin \u0160ul\u00edk)<\/em><\/p>\n<p class=\"\">S\u00fabor tematicky r\u00f4znorod\u00fdch digit\u00e1lnych graf\u00edk z rokov 2018 a\u017e 2023. Mnoh\u00e9 z obrazov p\u00f4sobia ako okn\u00e1 podivn\u00e9ho horol\u00f3gia, ktor\u00e9 neukazuje \u010das, ale \u010dasy, s postavami, ktor\u00e9 tu\u0161ia viac ako vedia a pre ktor\u00e9 je prirodzen\u00e9 vn\u00edma\u0165 nadprirodzen\u00e9 ako samozrejm\u00e9 a naopak.<\/p>\n","protected":false},"excerpt":{"rendered":"<p>\u0160peci\u00e1lny hos\u0165: Du\u0161an Du\u0161ek Trvanie v\u00fdstavy 3. marec &#8211; 16. [&hellip;]<\/p>\n","protected":false},"author":3,"featured_media":1415,"comment_status":"closed","ping_status":"open","sticky":false,"template":"","format":"standard","meta":{"footnotes":""},"categories":[23],"tags":[],"yoast_head":"<!-- This site is optimized with the Yoast SEO plugin v21.6 - https:\/\/yoast.com\/wordpress\/plugins\/seo\/ -->\n<title>VERNIS\u00c1\u017d \/ Martin \u0160ul\u00edk - \u010co dom dal - Dominik\u00e1ni Grant<\/title>\n<meta name=\"robots\" content=\"index, follow, max-snippet:-1, max-image-preview:large, max-video-preview:-1\" \/>\n<link rel=\"canonical\" href=\"https:\/\/www.dominikanigrant.sk\/vernisaz-martin-sulik-co-dom-dal\/\" \/>\n<meta property=\"og:locale\" content=\"en_US\" \/>\n<meta property=\"og:type\" content=\"article\" \/>\n<meta property=\"og:title\" content=\"VERNIS\u00c1\u017d \/ Martin \u0160ul\u00edk - \u010co dom dal - Dominik\u00e1ni Grant\" \/>\n<meta property=\"og:description\" content=\"\u0160peci\u00e1lny hos\u0165: Du\u0161an Du\u0161ek Trvanie v\u00fdstavy 3. marec &#8211; 16. [&hellip;]\" \/>\n<meta property=\"og:url\" content=\"https:\/\/www.dominikanigrant.sk\/vernisaz-martin-sulik-co-dom-dal\/\" \/>\n<meta property=\"og:site_name\" content=\"Dominik\u00e1ni Grant\" \/>\n<meta property=\"article:publisher\" content=\"https:\/\/www.facebook.com\/Dominik%c3%a1ni-Grant-102597252187835\" \/>\n<meta property=\"article:published_time\" content=\"2023-03-02T08:11:26+00:00\" \/>\n<meta property=\"og:image\" content=\"https:\/\/www.dominikanigrant.sk\/wp-content\/uploads\/2023\/03\/plagat.jpg\" \/>\n\t<meta property=\"og:image:width\" content=\"905\" \/>\n\t<meta property=\"og:image:height\" content=\"1280\" \/>\n\t<meta property=\"og:image:type\" content=\"image\/jpeg\" \/>\n<meta name=\"author\" content=\"Mat\u00fa\u0161 Buch\" \/>\n<meta name=\"twitter:card\" content=\"summary_large_image\" \/>\n<meta name=\"twitter:label1\" content=\"Written by\" \/>\n\t<meta name=\"twitter:data1\" content=\"Mat\u00fa\u0161 Buch\" \/>\n\t<meta name=\"twitter:label2\" content=\"Est. reading time\" \/>\n\t<meta name=\"twitter:data2\" content=\"1 minute\" \/>\n<script type=\"application\/ld+json\" class=\"yoast-schema-graph\">{\"@context\":\"https:\/\/schema.org\",\"@graph\":[{\"@type\":\"Article\",\"@id\":\"https:\/\/www.dominikanigrant.sk\/vernisaz-martin-sulik-co-dom-dal\/#article\",\"isPartOf\":{\"@id\":\"https:\/\/www.dominikanigrant.sk\/vernisaz-martin-sulik-co-dom-dal\/\"},\"author\":{\"name\":\"Mat\u00fa\u0161 Buch\",\"@id\":\"https:\/\/www.dominikanigrant.sk\/#\/schema\/person\/ee18413b83be685f112e09e49ec082f4\"},\"headline\":\"VERNIS\u00c1\u017d \/ Martin \u0160ul\u00edk &#8211; \u010co dom dal\",\"datePublished\":\"2023-03-02T08:11:26+00:00\",\"dateModified\":\"2023-03-02T08:11:26+00:00\",\"mainEntityOfPage\":{\"@id\":\"https:\/\/www.dominikanigrant.sk\/vernisaz-martin-sulik-co-dom-dal\/\"},\"wordCount\":88,\"publisher\":{\"@id\":\"https:\/\/www.dominikanigrant.sk\/#organization\"},\"articleSection\":[\"Kinos\u00e1la Lexman\"],\"inLanguage\":\"en-US\"},{\"@type\":\"WebPage\",\"@id\":\"https:\/\/www.dominikanigrant.sk\/vernisaz-martin-sulik-co-dom-dal\/\",\"url\":\"https:\/\/www.dominikanigrant.sk\/vernisaz-martin-sulik-co-dom-dal\/\",\"name\":\"VERNIS\u00c1\u017d \/ Martin \u0160ul\u00edk - \u010co dom dal - Dominik\u00e1ni Grant\",\"isPartOf\":{\"@id\":\"https:\/\/www.dominikanigrant.sk\/#website\"},\"datePublished\":\"2023-03-02T08:11:26+00:00\",\"dateModified\":\"2023-03-02T08:11:26+00:00\",\"breadcrumb\":{\"@id\":\"https:\/\/www.dominikanigrant.sk\/vernisaz-martin-sulik-co-dom-dal\/#breadcrumb\"},\"inLanguage\":\"en-US\",\"potentialAction\":[{\"@type\":\"ReadAction\",\"target\":[\"https:\/\/www.dominikanigrant.sk\/vernisaz-martin-sulik-co-dom-dal\/\"]}]},{\"@type\":\"BreadcrumbList\",\"@id\":\"https:\/\/www.dominikanigrant.sk\/vernisaz-martin-sulik-co-dom-dal\/#breadcrumb\",\"itemListElement\":[{\"@type\":\"ListItem\",\"position\":1,\"name\":\"Home\",\"item\":\"https:\/\/www.dominikanigrant.sk\/en\/\"},{\"@type\":\"ListItem\",\"position\":2,\"name\":\"VERNIS\u00c1\u017d \/ Martin \u0160ul\u00edk &#8211; \u010co dom dal\"}]},{\"@type\":\"WebSite\",\"@id\":\"https:\/\/www.dominikanigrant.sk\/#website\",\"url\":\"https:\/\/www.dominikanigrant.sk\/\",\"name\":\"Dominik\u00e1ni Grant\",\"description\":\"Dne\u0161ok je mostom k zajtraj\u0161ku \u2013 Dominik\u00e1nsky kostol v Ko\u0161iciach \u2013 re\u0161taurovanie fas\u00e1dy\",\"publisher\":{\"@id\":\"https:\/\/www.dominikanigrant.sk\/#organization\"},\"potentialAction\":[{\"@type\":\"SearchAction\",\"target\":{\"@type\":\"EntryPoint\",\"urlTemplate\":\"https:\/\/www.dominikanigrant.sk\/?s={search_term_string}\"},\"query-input\":\"required name=search_term_string\"}],\"inLanguage\":\"en-US\"},{\"@type\":\"Organization\",\"@id\":\"https:\/\/www.dominikanigrant.sk\/#organization\",\"name\":\"DOMINIK\u00c1NI GRANT\",\"url\":\"https:\/\/www.dominikanigrant.sk\/\",\"logo\":{\"@type\":\"ImageObject\",\"inLanguage\":\"en-US\",\"@id\":\"https:\/\/www.dominikanigrant.sk\/#\/schema\/logo\/image\/\",\"url\":\"https:\/\/www.dominikanigrant.sk\/wp-content\/uploads\/2021\/04\/dominikanigrant-logo2x.png\",\"contentUrl\":\"https:\/\/www.dominikanigrant.sk\/wp-content\/uploads\/2021\/04\/dominikanigrant-logo2x.png\",\"width\":183,\"height\":153,\"caption\":\"DOMINIK\u00c1NI GRANT\"},\"image\":{\"@id\":\"https:\/\/www.dominikanigrant.sk\/#\/schema\/logo\/image\/\"},\"sameAs\":[\"https:\/\/www.facebook.com\/Dominik\u00e1ni-Grant-102597252187835\"]},{\"@type\":\"Person\",\"@id\":\"https:\/\/www.dominikanigrant.sk\/#\/schema\/person\/ee18413b83be685f112e09e49ec082f4\",\"name\":\"Mat\u00fa\u0161 Buch\"}]}<\/script>\n<!-- \/ Yoast SEO plugin. -->","yoast_head_json":{"title":"VERNIS\u00c1\u017d \/ Martin \u0160ul\u00edk - \u010co dom dal - Dominik\u00e1ni Grant","robots":{"index":"index","follow":"follow","max-snippet":"max-snippet:-1","max-image-preview":"max-image-preview:large","max-video-preview":"max-video-preview:-1"},"canonical":"https:\/\/www.dominikanigrant.sk\/vernisaz-martin-sulik-co-dom-dal\/","og_locale":"en_US","og_type":"article","og_title":"VERNIS\u00c1\u017d \/ Martin \u0160ul\u00edk - \u010co dom dal - Dominik\u00e1ni Grant","og_description":"\u0160peci\u00e1lny hos\u0165: Du\u0161an Du\u0161ek Trvanie v\u00fdstavy 3. marec &#8211; 16. [&hellip;]","og_url":"https:\/\/www.dominikanigrant.sk\/vernisaz-martin-sulik-co-dom-dal\/","og_site_name":"Dominik\u00e1ni Grant","article_publisher":"https:\/\/www.facebook.com\/Dominik%c3%a1ni-Grant-102597252187835","article_published_time":"2023-03-02T08:11:26+00:00","og_image":[{"width":905,"height":1280,"url":"https:\/\/www.dominikanigrant.sk\/wp-content\/uploads\/2023\/03\/plagat.jpg","type":"image\/jpeg"}],"author":"Mat\u00fa\u0161 Buch","twitter_card":"summary_large_image","twitter_misc":{"Written by":"Mat\u00fa\u0161 Buch","Est. reading time":"1 minute"},"schema":{"@context":"https:\/\/schema.org","@graph":[{"@type":"Article","@id":"https:\/\/www.dominikanigrant.sk\/vernisaz-martin-sulik-co-dom-dal\/#article","isPartOf":{"@id":"https:\/\/www.dominikanigrant.sk\/vernisaz-martin-sulik-co-dom-dal\/"},"author":{"name":"Mat\u00fa\u0161 Buch","@id":"https:\/\/www.dominikanigrant.sk\/#\/schema\/person\/ee18413b83be685f112e09e49ec082f4"},"headline":"VERNIS\u00c1\u017d \/ Martin \u0160ul\u00edk &#8211; \u010co dom dal","datePublished":"2023-03-02T08:11:26+00:00","dateModified":"2023-03-02T08:11:26+00:00","mainEntityOfPage":{"@id":"https:\/\/www.dominikanigrant.sk\/vernisaz-martin-sulik-co-dom-dal\/"},"wordCount":88,"publisher":{"@id":"https:\/\/www.dominikanigrant.sk\/#organization"},"articleSection":["Kinos\u00e1la Lexman"],"inLanguage":"en-US"},{"@type":"WebPage","@id":"https:\/\/www.dominikanigrant.sk\/vernisaz-martin-sulik-co-dom-dal\/","url":"https:\/\/www.dominikanigrant.sk\/vernisaz-martin-sulik-co-dom-dal\/","name":"VERNIS\u00c1\u017d \/ Martin \u0160ul\u00edk - \u010co dom dal - Dominik\u00e1ni Grant","isPartOf":{"@id":"https:\/\/www.dominikanigrant.sk\/#website"},"datePublished":"2023-03-02T08:11:26+00:00","dateModified":"2023-03-02T08:11:26+00:00","breadcrumb":{"@id":"https:\/\/www.dominikanigrant.sk\/vernisaz-martin-sulik-co-dom-dal\/#breadcrumb"},"inLanguage":"en-US","potentialAction":[{"@type":"ReadAction","target":["https:\/\/www.dominikanigrant.sk\/vernisaz-martin-sulik-co-dom-dal\/"]}]},{"@type":"BreadcrumbList","@id":"https:\/\/www.dominikanigrant.sk\/vernisaz-martin-sulik-co-dom-dal\/#breadcrumb","itemListElement":[{"@type":"ListItem","position":1,"name":"Home","item":"https:\/\/www.dominikanigrant.sk\/en\/"},{"@type":"ListItem","position":2,"name":"VERNIS\u00c1\u017d \/ Martin \u0160ul\u00edk &#8211; \u010co dom dal"}]},{"@type":"WebSite","@id":"https:\/\/www.dominikanigrant.sk\/#website","url":"https:\/\/www.dominikanigrant.sk\/","name":"Dominik\u00e1ni Grant","description":"Dne\u0161ok je mostom k zajtraj\u0161ku \u2013 Dominik\u00e1nsky kostol v Ko\u0161iciach \u2013 re\u0161taurovanie fas\u00e1dy","publisher":{"@id":"https:\/\/www.dominikanigrant.sk\/#organization"},"potentialAction":[{"@type":"SearchAction","target":{"@type":"EntryPoint","urlTemplate":"https:\/\/www.dominikanigrant.sk\/?s={search_term_string}"},"query-input":"required name=search_term_string"}],"inLanguage":"en-US"},{"@type":"Organization","@id":"https:\/\/www.dominikanigrant.sk\/#organization","name":"DOMINIK\u00c1NI GRANT","url":"https:\/\/www.dominikanigrant.sk\/","logo":{"@type":"ImageObject","inLanguage":"en-US","@id":"https:\/\/www.dominikanigrant.sk\/#\/schema\/logo\/image\/","url":"https:\/\/www.dominikanigrant.sk\/wp-content\/uploads\/2021\/04\/dominikanigrant-logo2x.png","contentUrl":"https:\/\/www.dominikanigrant.sk\/wp-content\/uploads\/2021\/04\/dominikanigrant-logo2x.png","width":183,"height":153,"caption":"DOMINIK\u00c1NI GRANT"},"image":{"@id":"https:\/\/www.dominikanigrant.sk\/#\/schema\/logo\/image\/"},"sameAs":["https:\/\/www.facebook.com\/Dominik\u00e1ni-Grant-102597252187835"]},{"@type":"Person","@id":"https:\/\/www.dominikanigrant.sk\/#\/schema\/person\/ee18413b83be685f112e09e49ec082f4","name":"Mat\u00fa\u0161 Buch"}]}},"_links":{"self":[{"href":"https:\/\/www.dominikanigrant.sk\/en\/wp-json\/wp\/v2\/posts\/1414"}],"collection":[{"href":"https:\/\/www.dominikanigrant.sk\/en\/wp-json\/wp\/v2\/posts"}],"about":[{"href":"https:\/\/www.dominikanigrant.sk\/en\/wp-json\/wp\/v2\/types\/post"}],"author":[{"embeddable":true,"href":"https:\/\/www.dominikanigrant.sk\/en\/wp-json\/wp\/v2\/users\/3"}],"replies":[{"embeddable":true,"href":"https:\/\/www.dominikanigrant.sk\/en\/wp-json\/wp\/v2\/comments?post=1414"}],"version-history":[{"count":1,"href":"https:\/\/www.dominikanigrant.sk\/en\/wp-json\/wp\/v2\/posts\/1414\/revisions"}],"predecessor-version":[{"id":1417,"href":"https:\/\/www.dominikanigrant.sk\/en\/wp-json\/wp\/v2\/posts\/1414\/revisions\/1417"}],"wp:featuredmedia":[{"embeddable":true,"href":"https:\/\/www.dominikanigrant.sk\/en\/wp-json\/wp\/v2\/media\/1415"}],"wp:attachment":[{"href":"https:\/\/www.dominikanigrant.sk\/en\/wp-json\/wp\/v2\/media?parent=1414"}],"wp:term":[{"taxonomy":"category","embeddable":true,"href":"https:\/\/www.dominikanigrant.sk\/en\/wp-json\/wp\/v2\/categories?post=1414"},{"taxonomy":"post_tag","embeddable":true,"href":"https:\/\/www.dominikanigrant.sk\/en\/wp-json\/wp\/v2\/tags?post=1414"}],"curies":[{"name":"wp","href":"https:\/\/api.w.org\/{rel}","templated":true}]}}