{"id":1663,"date":"2023-04-23T14:32:51","date_gmt":"2023-04-23T12:32:51","guid":{"rendered":"https:\/\/www.dominikanigrant.sk\/?p=1663"},"modified":"2024-04-24T16:02:26","modified_gmt":"2024-04-24T14:02:26","slug":"dominikani-v-case-po-vzniku-ceskoslovenska","status":"publish","type":"post","link":"https:\/\/www.dominikanigrant.sk\/en\/dominikani-v-case-po-vzniku-ceskoslovenska\/","title":{"rendered":"Dominik\u00e1ni v \u010dase po vzniku \u010ceskoslovenska"},"content":{"rendered":"<p>Po vzniku \u010ceskoslovenskej republiky prech\u00e1dza spr\u00e1va\u00a0 dominik\u00e1nov z \u00fazemia provincie Hungarie pod provinciu Bohemiae\u00a0 prostredn\u00edctvom vik\u00e1ra, ktor\u00e9ho ustanovil Magister rehole. Kl\u00e1\u0161tor na\u00a0 Slovensku bol iba v Ko\u0161iciach, kde od r. 1924 p\u00f4sobil aj Mikul\u00e1\u0161 Lexmann.\u00a0 Okrem neho tu boli: Prior Bruno Jane\u0161, P\u00e1tri R. Gar\u017eik, V. Pirkl, M. Unger. Od\u00a0 4. j\u00fala 1933 sa P. Mikul\u00e1\u0161 Lexmann stal priorom ko\u0161ick\u00e9ho kl\u00e1\u0161tora (do r.\u00a0 1936). V r. 1933 tu \u017eilo a pracovalo 10 \u010dlenov rehole. Ko\u0161ick\u00fd kl\u00e1\u0161tor\u00a0 organizoval sv. misie, duchovn\u00e9 cvi\u010denia veriacim, kl\u00e1\u0161torom a k\u0148azom,\u00a0 sl\u00fa\u017eil v spovednici v semin\u00e1ri, v kl\u00e1\u0161toroch a \u0161tudentsk\u00fdch intern\u00e1toch. Sl\u00fa\u017eil\u00a0 bohoslu\u017eby vo viacer\u00fdch re\u010diach, ktor\u00e9 boli \u010dasto nav\u0161tevovan\u00e9 aj \u013eu\u010fmi z\u00a0 vidieka.\u00a0 V Ko\u0161iciach bola iba jedna farnos\u0165. V \u010dase pr\u00edchodu P. Mikul\u00e1\u0161a Lexmanna\u00a0 bol far\u00e1rom Barnab\u00e1\u0161 Tost, kapl\u00e1ni: \u0160. Csel\u00e9nyi, A. Hoczmann, \u0160. Simkovics,\u00a0 T. P\u00e1lka, F. Scholtz, J. Kmetz, Viktor Bialk\u00f3, \u0160. Sebess, R. Ar\u00e1nyi, E. Listy\u00e1k, J.\u00a0 Eperjessy, V. Hovanec. Po\u010det veriacich cez 32 tis\u00edc.<\/p>\n<p>Cyril Hi\u0161em<\/p>\n","protected":false},"excerpt":{"rendered":"<p>Po vzniku \u010ceskoslovenskej republiky prech\u00e1dza spr\u00e1va\u00a0 dominik\u00e1nov z \u00fazemia provincie [&hellip;]<\/p>\n","protected":false},"author":4,"featured_media":0,"comment_status":"closed","ping_status":"open","sticky":false,"template":"","format":"standard","meta":{"footnotes":""},"categories":[33],"tags":[],"yoast_head":"<!-- This site is optimized with the Yoast SEO plugin v21.6 - https:\/\/yoast.com\/wordpress\/plugins\/seo\/ -->\n<title>Dominik\u00e1ni v \u010dase po vzniku \u010ceskoslovenska - Dominik\u00e1ni Grant<\/title>\n<meta name=\"robots\" content=\"index, follow, max-snippet:-1, max-image-preview:large, max-video-preview:-1\" \/>\n<link rel=\"canonical\" href=\"https:\/\/www.dominikanigrant.sk\/dominikani-v-case-po-vzniku-ceskoslovenska\/\" \/>\n<meta property=\"og:locale\" content=\"en_US\" \/>\n<meta property=\"og:type\" content=\"article\" \/>\n<meta property=\"og:title\" content=\"Dominik\u00e1ni v \u010dase po vzniku \u010ceskoslovenska - Dominik\u00e1ni Grant\" \/>\n<meta property=\"og:description\" content=\"Po vzniku \u010ceskoslovenskej republiky prech\u00e1dza spr\u00e1va\u00a0 dominik\u00e1nov z \u00fazemia provincie [&hellip;]\" \/>\n<meta property=\"og:url\" content=\"https:\/\/www.dominikanigrant.sk\/dominikani-v-case-po-vzniku-ceskoslovenska\/\" \/>\n<meta property=\"og:site_name\" content=\"Dominik\u00e1ni Grant\" \/>\n<meta property=\"article:publisher\" content=\"https:\/\/www.facebook.com\/Dominik%c3%a1ni-Grant-102597252187835\" \/>\n<meta property=\"article:published_time\" content=\"2023-04-23T12:32:51+00:00\" \/>\n<meta property=\"article:modified_time\" content=\"2024-04-24T14:02:26+00:00\" \/>\n<meta name=\"author\" content=\"Janka Sol\u00e1rov\u00e1\" \/>\n<meta name=\"twitter:card\" content=\"summary_large_image\" \/>\n<meta name=\"twitter:label1\" content=\"Written by\" \/>\n\t<meta name=\"twitter:data1\" content=\"Janka Sol\u00e1rov\u00e1\" \/>\n\t<meta name=\"twitter:label2\" content=\"Est. reading time\" \/>\n\t<meta name=\"twitter:data2\" content=\"1 minute\" \/>\n<script type=\"application\/ld+json\" class=\"yoast-schema-graph\">{\"@context\":\"https:\/\/schema.org\",\"@graph\":[{\"@type\":\"Article\",\"@id\":\"https:\/\/www.dominikanigrant.sk\/dominikani-v-case-po-vzniku-ceskoslovenska\/#article\",\"isPartOf\":{\"@id\":\"https:\/\/www.dominikanigrant.sk\/dominikani-v-case-po-vzniku-ceskoslovenska\/\"},\"author\":{\"name\":\"Janka Sol\u00e1rov\u00e1\",\"@id\":\"https:\/\/www.dominikanigrant.sk\/#\/schema\/person\/5793c99088ab84be2deebda983aed685\"},\"headline\":\"Dominik\u00e1ni v \u010dase po vzniku \u010ceskoslovenska\",\"datePublished\":\"2023-04-23T12:32:51+00:00\",\"dateModified\":\"2024-04-24T14:02:26+00:00\",\"mainEntityOfPage\":{\"@id\":\"https:\/\/www.dominikanigrant.sk\/dominikani-v-case-po-vzniku-ceskoslovenska\/\"},\"wordCount\":196,\"publisher\":{\"@id\":\"https:\/\/www.dominikanigrant.sk\/#organization\"},\"articleSection\":[\"P\u00e1ter Mikul\u00e1\u0161 Lexmann\"],\"inLanguage\":\"en-US\"},{\"@type\":\"WebPage\",\"@id\":\"https:\/\/www.dominikanigrant.sk\/dominikani-v-case-po-vzniku-ceskoslovenska\/\",\"url\":\"https:\/\/www.dominikanigrant.sk\/dominikani-v-case-po-vzniku-ceskoslovenska\/\",\"name\":\"Dominik\u00e1ni v \u010dase po vzniku \u010ceskoslovenska - Dominik\u00e1ni Grant\",\"isPartOf\":{\"@id\":\"https:\/\/www.dominikanigrant.sk\/#website\"},\"datePublished\":\"2023-04-23T12:32:51+00:00\",\"dateModified\":\"2024-04-24T14:02:26+00:00\",\"breadcrumb\":{\"@id\":\"https:\/\/www.dominikanigrant.sk\/dominikani-v-case-po-vzniku-ceskoslovenska\/#breadcrumb\"},\"inLanguage\":\"en-US\",\"potentialAction\":[{\"@type\":\"ReadAction\",\"target\":[\"https:\/\/www.dominikanigrant.sk\/dominikani-v-case-po-vzniku-ceskoslovenska\/\"]}]},{\"@type\":\"BreadcrumbList\",\"@id\":\"https:\/\/www.dominikanigrant.sk\/dominikani-v-case-po-vzniku-ceskoslovenska\/#breadcrumb\",\"itemListElement\":[{\"@type\":\"ListItem\",\"position\":1,\"name\":\"Home\",\"item\":\"https:\/\/www.dominikanigrant.sk\/en\/\"},{\"@type\":\"ListItem\",\"position\":2,\"name\":\"Dominik\u00e1ni v \u010dase po vzniku \u010ceskoslovenska\"}]},{\"@type\":\"WebSite\",\"@id\":\"https:\/\/www.dominikanigrant.sk\/#website\",\"url\":\"https:\/\/www.dominikanigrant.sk\/\",\"name\":\"Dominik\u00e1ni Grant\",\"description\":\"Dne\u0161ok je mostom k zajtraj\u0161ku \u2013 Dominik\u00e1nsky kostol v Ko\u0161iciach \u2013 re\u0161taurovanie fas\u00e1dy\",\"publisher\":{\"@id\":\"https:\/\/www.dominikanigrant.sk\/#organization\"},\"potentialAction\":[{\"@type\":\"SearchAction\",\"target\":{\"@type\":\"EntryPoint\",\"urlTemplate\":\"https:\/\/www.dominikanigrant.sk\/?s={search_term_string}\"},\"query-input\":\"required name=search_term_string\"}],\"inLanguage\":\"en-US\"},{\"@type\":\"Organization\",\"@id\":\"https:\/\/www.dominikanigrant.sk\/#organization\",\"name\":\"DOMINIK\u00c1NI GRANT\",\"url\":\"https:\/\/www.dominikanigrant.sk\/\",\"logo\":{\"@type\":\"ImageObject\",\"inLanguage\":\"en-US\",\"@id\":\"https:\/\/www.dominikanigrant.sk\/#\/schema\/logo\/image\/\",\"url\":\"https:\/\/www.dominikanigrant.sk\/wp-content\/uploads\/2021\/04\/dominikanigrant-logo2x.png\",\"contentUrl\":\"https:\/\/www.dominikanigrant.sk\/wp-content\/uploads\/2021\/04\/dominikanigrant-logo2x.png\",\"width\":183,\"height\":153,\"caption\":\"DOMINIK\u00c1NI GRANT\"},\"image\":{\"@id\":\"https:\/\/www.dominikanigrant.sk\/#\/schema\/logo\/image\/\"},\"sameAs\":[\"https:\/\/www.facebook.com\/Dominik\u00e1ni-Grant-102597252187835\"]},{\"@type\":\"Person\",\"@id\":\"https:\/\/www.dominikanigrant.sk\/#\/schema\/person\/5793c99088ab84be2deebda983aed685\",\"name\":\"Janka Sol\u00e1rov\u00e1\"}]}<\/script>\n<!-- \/ Yoast SEO plugin. -->","yoast_head_json":{"title":"Dominik\u00e1ni v \u010dase po vzniku \u010ceskoslovenska - Dominik\u00e1ni Grant","robots":{"index":"index","follow":"follow","max-snippet":"max-snippet:-1","max-image-preview":"max-image-preview:large","max-video-preview":"max-video-preview:-1"},"canonical":"https:\/\/www.dominikanigrant.sk\/dominikani-v-case-po-vzniku-ceskoslovenska\/","og_locale":"en_US","og_type":"article","og_title":"Dominik\u00e1ni v \u010dase po vzniku \u010ceskoslovenska - Dominik\u00e1ni Grant","og_description":"Po vzniku \u010ceskoslovenskej republiky prech\u00e1dza spr\u00e1va\u00a0 dominik\u00e1nov z \u00fazemia provincie [&hellip;]","og_url":"https:\/\/www.dominikanigrant.sk\/dominikani-v-case-po-vzniku-ceskoslovenska\/","og_site_name":"Dominik\u00e1ni Grant","article_publisher":"https:\/\/www.facebook.com\/Dominik%c3%a1ni-Grant-102597252187835","article_published_time":"2023-04-23T12:32:51+00:00","article_modified_time":"2024-04-24T14:02:26+00:00","author":"Janka Sol\u00e1rov\u00e1","twitter_card":"summary_large_image","twitter_misc":{"Written by":"Janka Sol\u00e1rov\u00e1","Est. reading time":"1 minute"},"schema":{"@context":"https:\/\/schema.org","@graph":[{"@type":"Article","@id":"https:\/\/www.dominikanigrant.sk\/dominikani-v-case-po-vzniku-ceskoslovenska\/#article","isPartOf":{"@id":"https:\/\/www.dominikanigrant.sk\/dominikani-v-case-po-vzniku-ceskoslovenska\/"},"author":{"name":"Janka Sol\u00e1rov\u00e1","@id":"https:\/\/www.dominikanigrant.sk\/#\/schema\/person\/5793c99088ab84be2deebda983aed685"},"headline":"Dominik\u00e1ni v \u010dase po vzniku \u010ceskoslovenska","datePublished":"2023-04-23T12:32:51+00:00","dateModified":"2024-04-24T14:02:26+00:00","mainEntityOfPage":{"@id":"https:\/\/www.dominikanigrant.sk\/dominikani-v-case-po-vzniku-ceskoslovenska\/"},"wordCount":196,"publisher":{"@id":"https:\/\/www.dominikanigrant.sk\/#organization"},"articleSection":["P\u00e1ter Mikul\u00e1\u0161 Lexmann"],"inLanguage":"en-US"},{"@type":"WebPage","@id":"https:\/\/www.dominikanigrant.sk\/dominikani-v-case-po-vzniku-ceskoslovenska\/","url":"https:\/\/www.dominikanigrant.sk\/dominikani-v-case-po-vzniku-ceskoslovenska\/","name":"Dominik\u00e1ni v \u010dase po vzniku \u010ceskoslovenska - Dominik\u00e1ni Grant","isPartOf":{"@id":"https:\/\/www.dominikanigrant.sk\/#website"},"datePublished":"2023-04-23T12:32:51+00:00","dateModified":"2024-04-24T14:02:26+00:00","breadcrumb":{"@id":"https:\/\/www.dominikanigrant.sk\/dominikani-v-case-po-vzniku-ceskoslovenska\/#breadcrumb"},"inLanguage":"en-US","potentialAction":[{"@type":"ReadAction","target":["https:\/\/www.dominikanigrant.sk\/dominikani-v-case-po-vzniku-ceskoslovenska\/"]}]},{"@type":"BreadcrumbList","@id":"https:\/\/www.dominikanigrant.sk\/dominikani-v-case-po-vzniku-ceskoslovenska\/#breadcrumb","itemListElement":[{"@type":"ListItem","position":1,"name":"Home","item":"https:\/\/www.dominikanigrant.sk\/en\/"},{"@type":"ListItem","position":2,"name":"Dominik\u00e1ni v \u010dase po vzniku \u010ceskoslovenska"}]},{"@type":"WebSite","@id":"https:\/\/www.dominikanigrant.sk\/#website","url":"https:\/\/www.dominikanigrant.sk\/","name":"Dominik\u00e1ni Grant","description":"Dne\u0161ok je mostom k zajtraj\u0161ku \u2013 Dominik\u00e1nsky kostol v Ko\u0161iciach \u2013 re\u0161taurovanie fas\u00e1dy","publisher":{"@id":"https:\/\/www.dominikanigrant.sk\/#organization"},"potentialAction":[{"@type":"SearchAction","target":{"@type":"EntryPoint","urlTemplate":"https:\/\/www.dominikanigrant.sk\/?s={search_term_string}"},"query-input":"required name=search_term_string"}],"inLanguage":"en-US"},{"@type":"Organization","@id":"https:\/\/www.dominikanigrant.sk\/#organization","name":"DOMINIK\u00c1NI GRANT","url":"https:\/\/www.dominikanigrant.sk\/","logo":{"@type":"ImageObject","inLanguage":"en-US","@id":"https:\/\/www.dominikanigrant.sk\/#\/schema\/logo\/image\/","url":"https:\/\/www.dominikanigrant.sk\/wp-content\/uploads\/2021\/04\/dominikanigrant-logo2x.png","contentUrl":"https:\/\/www.dominikanigrant.sk\/wp-content\/uploads\/2021\/04\/dominikanigrant-logo2x.png","width":183,"height":153,"caption":"DOMINIK\u00c1NI GRANT"},"image":{"@id":"https:\/\/www.dominikanigrant.sk\/#\/schema\/logo\/image\/"},"sameAs":["https:\/\/www.facebook.com\/Dominik\u00e1ni-Grant-102597252187835"]},{"@type":"Person","@id":"https:\/\/www.dominikanigrant.sk\/#\/schema\/person\/5793c99088ab84be2deebda983aed685","name":"Janka Sol\u00e1rov\u00e1"}]}},"_links":{"self":[{"href":"https:\/\/www.dominikanigrant.sk\/en\/wp-json\/wp\/v2\/posts\/1663"}],"collection":[{"href":"https:\/\/www.dominikanigrant.sk\/en\/wp-json\/wp\/v2\/posts"}],"about":[{"href":"https:\/\/www.dominikanigrant.sk\/en\/wp-json\/wp\/v2\/types\/post"}],"author":[{"embeddable":true,"href":"https:\/\/www.dominikanigrant.sk\/en\/wp-json\/wp\/v2\/users\/4"}],"replies":[{"embeddable":true,"href":"https:\/\/www.dominikanigrant.sk\/en\/wp-json\/wp\/v2\/comments?post=1663"}],"version-history":[{"count":1,"href":"https:\/\/www.dominikanigrant.sk\/en\/wp-json\/wp\/v2\/posts\/1663\/revisions"}],"predecessor-version":[{"id":1664,"href":"https:\/\/www.dominikanigrant.sk\/en\/wp-json\/wp\/v2\/posts\/1663\/revisions\/1664"}],"wp:attachment":[{"href":"https:\/\/www.dominikanigrant.sk\/en\/wp-json\/wp\/v2\/media?parent=1663"}],"wp:term":[{"taxonomy":"category","embeddable":true,"href":"https:\/\/www.dominikanigrant.sk\/en\/wp-json\/wp\/v2\/categories?post=1663"},{"taxonomy":"post_tag","embeddable":true,"href":"https:\/\/www.dominikanigrant.sk\/en\/wp-json\/wp\/v2\/tags?post=1663"}],"curies":[{"name":"wp","href":"https:\/\/api.w.org\/{rel}","templated":true}]}}