{"id":1677,"date":"2023-04-23T16:09:39","date_gmt":"2023-04-23T14:09:39","guid":{"rendered":"https:\/\/www.dominikanigrant.sk\/?p=1677"},"modified":"2024-04-24T09:05:48","modified_gmt":"2024-04-24T07:05:48","slug":"reholne-spolocnosti-na-uzemi-kosic-zaciatkom-20-storocia","status":"publish","type":"post","link":"https:\/\/www.dominikanigrant.sk\/en\/reholne-spolocnosti-na-uzemi-kosic-zaciatkom-20-storocia\/","title":{"rendered":"Reho\u013en\u00e9 spolo\u010dnosti na \u00fazem\u00ed Ko\u0161\u00edc za\u010diatkom 20. storo\u010dia"},"content":{"rendered":"<h2>Mu\u017esk\u00e9 rehole<\/h2>\n<p><strong>Dominik\u00e1ni.<\/strong> Okrem kazate\u013eskej \u010dinnosti tu rozvinuli aj edi\u010dn\u00fa\u00a0 \u010dinnos\u0165. Vyd\u00e1vali mesa\u010dn\u00edk Smer do r. 1948, a ed\u00edciu Veritas. V r. 1950 \u017eilo v\u00a0 konventoch v Ko\u0161iciach a v Tren\u010d\u00edne 15 dominik\u00e1nov.<\/p>\n<p><strong>Premon\u0161tr\u00e1ti.<\/strong> V r. 1924 pripojili jasovsk\u00fd kl\u00e1\u0161tor k \u010deskoslovenskej cirk\u00e1rii.\u00a0 V Ko\u0161iciach mali premon\u0161tr\u00e1ti gymn\u00e1zium, ktor\u00e9 bolo v r. 1945 po\u0161t\u00e1tnen\u00e9.\u00a0 V \u010dase pr\u00edchodu P. Mikul\u00e1\u0161a Lexmanna do Ko\u0161\u00edc tu boli: superior E. Karsai,\u00a0 profesori A. M\u00e1rtoncsik, O. Anisich, K. Khindl, K. Holba, G. Magyar, B.\u00a0 \u00c1ldorfai. A\u017e do zru\u0161enia mu\u017esk\u00fdch kl\u00e1\u0161torov v r. 1950 boli premon\u0161tr\u00e1ti\u00a0 v dvoch kl\u00e1\u0161toroch &#8211; v Jasove a v Lelesi, ko\u0161ickom a ro\u017e\u0148avskom kostole a na\u00a0 \u00f4smich far\u00e1ch.<\/p>\n<p><strong>Jezuiti.<\/strong> V r. 1930 prevzala reho\u013ea vedenie katol\u00edckeho intern\u00e1tu v Ko\u0161iciach.\u00a0 Tak boli jezuiti na \u0161tyroch miestach na Slovensku: Bratislava, Trnava,\u00a0 Ru\u017eomberok a Ko\u0161ice. V Ko\u0161iciach bol zalo\u017een\u00fd Teologick\u00fd in\u0161tit\u00fat\u00a0 Spolo\u010dnosti Je\u017ei\u0161ovej sv. Alojza pre formovanie mlad\u00fdch jezuitov v celej \u0161\u00edrke\u00a0 teologick\u00fdch i filozofick\u00fdch \u0161t\u00fadi\u00ed. Reho\u013ea mala s\u013eubn\u00fd rozvoj.<\/p>\n<p><strong>Franti\u0161k\u00e1ni.<\/strong> Pr\u00edtomn\u00ed na mnoh\u00fdch miestach, ale aj v Ko\u0161iciach od r. 1938, ke\u010f\u00a0 im ko\u0161ick\u00fd biskup Jozef \u010c\u00e1rsky odovzdal spr\u00e1vu franti\u0161k\u00e1nskeho kostola.\u00a0 Po\u010das 2. svetovej vojny 17. decembra 1939 bol v Ko\u0161iciach postaven\u00fd a\u00a0 posv\u00e4ten\u00fd kostol Prebl. Panny M\u00e1rie Kr\u00e1\u013eovnej pokoja. A napokon 21.\u00a0 decembra 1940 bola erigovan\u00e1 nov\u00e1 farnos\u0165 Ko\u0161ice &#8211; Juh, zveren\u00e1 p\u00e1trom\u00a0 franti\u0161k\u00e1nom z Provincie sv. J\u00e1na Kapistr\u00e1nskeho. Zriadi\u0165 druh\u00fa farnos\u0165\u00a0 v Ko\u0161iciach bolo \u00famyslom u\u017e biskupa August\u00edna Fischera-Colbrieho.<\/p>\n<h2><strong>\u017densk\u00e9 rehole\u00a0<\/strong><\/h2>\n<p><strong>Ur\u0161ul\u00ednky.<\/strong> Druh\u00fd najstar\u0161\u00ed ur\u0161ul\u00ednsky kl\u00e1\u0161tor na Slovensku je v Ko\u0161iciach.\u00a0 Sestry tu pri\u0161li v r. 1698. Nesk\u00f4r tu mali dva kl\u00e1\u0161tory, hospod\u00e1rstvo\u00a0 Angelinum z r. 1905 s hospod\u00e1rskou \u0161kolou a intern\u00e1tom.<\/p>\n<p><strong>Vincentky<\/strong> (Spolo\u010dnos\u0165 dc\u00e9r kres\u0165anskej l\u00e1sky sv. Vincenta de Paul). Sestry\u00a0 p\u00f4sobili na mnoh\u00fdch miestach. V Ko\u0161iciach v r. 1877 \u2013 1938 a 1945. V r. 1932 v bl\u00edzkosti ko\u0161ickej nemocnice bola vybudovan\u00e1 \u0161kola, v ktorej viedli\u00a0 vincentky dvojro\u010dn\u00fa odborn\u00fa o\u0161etrovate\u013esk\u00fa \u0161kolu. Zriaden\u00e1 bola pre\u00a0 \u0161kolenie a do\u0161ko\u013eovanie zdravotn\u00fdch sestier. Zanikla v r. 1939 po zabrat\u00ed\u00a0 Ko\u0161\u00edc Ma\u010farskom. Po 2. svetovej vojne bola znova otvoren\u00e1 a p\u00f4sobila do\u00a0 po\u0161t\u00e1tnenia.<\/p>\n<p><strong>Kr\u00ed\u017eov\u00e9 sestry<\/strong> (Kongreg\u00e1cia milosrdn\u00fdch sestier sv. Kr\u00ed\u017ea). Sestry p\u00f4sobiace\u00a0 ako u\u010dite\u013eky boli v Ko\u0161iciach od r. 1878. Ako o\u0161etrovate\u013eky boli v Ko\u0161iciach od\u00a0 r. 1904. Po\u010das vojny v r. 1939-1945 ma\u010farsk\u00e9 milosrdn\u00e9 sestry sv. Kr\u00ed\u017ea mali\u00a0 v Ko\u0161iciach na starosti chudobinec a sirotinec. Ten sestry viedli a\u017e do r. 1951.\u00a0 Nesk\u00f4r sestry pracovali v dome d\u00f4chodcov do r. 1962.<\/p>\n<p><strong>Dominik\u00e1nky<\/strong> (Kongreg\u00e1cia sestier dominik\u00e1nok na Slovensku). Sestry\u00a0 p\u00f4sobili od r. 1903 v Ko\u0161iciach, od r. 1924 v Trebi\u0161ove, od r. 1938\u00a0 v Humennom a v Petrovanoch, od r. 1946 v Stropkove, od r. 1947 v Lipovej Mlynsk\u00fd Sek. V r. 1925 sa reho\u013en\u00fd dom dominik\u00e1nok v Ko\u0161iciach stal\u00a0 strediskom Mari\u00e1nskej kongreg\u00e1cie slovensk\u00fdch \u0161tudentiek. Mal tu \u00fastredie\u00a0 aj kr\u00fa\u017eok slovensk\u00fdch slu\u017eobn\u00fdch diev\u010dat, ktor\u00fd viedol Melichar Zelen\u00fd,\u00a0 \u0161piritu\u00e1l v k\u0148azskom semin\u00e1ri.<\/p>\n<p><strong>Vykupite\u013eky<\/strong> (Kongreg\u00e1cia sestier Bo\u017esk\u00e9ho Vykupite\u013ea). Bola to ve\u013emi akt\u00edvna\u00a0 reho\u013ea a pred zru\u0161en\u00edm mala 13 samostatn\u00fdch kl\u00e1\u0161torov. Od 1. m\u00e1ja 1926\u00a0 vykupite\u013eky p\u00f4sobili v ko\u0161ickom k\u0148azskom semin\u00e1ri a tie\u017e v exerci\u010dnom\u00a0 dome Jozefinum.<\/p>\n<p><strong>Premon\u0161tr\u00e1tky.<\/strong> V r. 1926-1938 sestry premon\u0161tr\u00e1tky viedli dom\u00e1cnos\u0165\u00a0 premon\u0161tr\u00e1tov v Ko\u0161iciach. \u010cinnos\u0165 ukon\u010dili v r. 1938 kv\u00f4li politick\u00fdm\u00a0 zmen\u00e1m a sestry boli presunut\u00e9 do Pre\u0161ova. Po II. svetovej vojne sa e\u0161te na\u00a0 kr\u00e1tku dobu (do r. 1946) vr\u00e1tili do Ko\u0161\u00edc.<\/p>\n<p><strong>Soci\u00e1lne sestry<\/strong> (Spolo\u010dnos\u0165 soci\u00e1lnych sestier). Kongreg\u00e1cia bola zalo\u017een\u00e1\u00a0 v Budape\u0161ti v r. 1923 Margitou \u0160lachtovou. V r. 1927 boli sestry pozvan\u00e9 do\u00a0 Ko\u0161\u00edc &#8211; rodn\u00e9ho mesta zakladate\u013eky a tu zriadili samostatn\u00fa provinciu. V r.\u00a0 1950 \u017eilo na Slovensku 9 sestier a 6 kandid\u00e1tok a noviciek. P\u00f4sobili u\u017e iba\u00a0 v Ko\u0161iciach, Kom\u00e1rne a Topo\u013e\u010danoch.<\/p>\n<p>Cyril Hi\u0161em<\/p>\n","protected":false},"excerpt":{"rendered":"<p>Mu\u017esk\u00e9 rehole Dominik\u00e1ni. Okrem kazate\u013eskej \u010dinnosti tu rozvinuli aj edi\u010dn\u00fa\u00a0 [&hellip;]<\/p>\n","protected":false},"author":4,"featured_media":0,"comment_status":"closed","ping_status":"open","sticky":false,"template":"","format":"standard","meta":{"footnotes":""},"categories":[33],"tags":[],"yoast_head":"<!-- This site is optimized with the Yoast SEO plugin v21.6 - https:\/\/yoast.com\/wordpress\/plugins\/seo\/ -->\n<title>Reho\u013en\u00e9 spolo\u010dnosti na \u00fazem\u00ed Ko\u0161\u00edc za\u010diatkom 20. storo\u010dia - Dominik\u00e1ni Grant<\/title>\n<meta name=\"robots\" content=\"index, follow, max-snippet:-1, max-image-preview:large, max-video-preview:-1\" \/>\n<link rel=\"canonical\" href=\"https:\/\/www.dominikanigrant.sk\/reholne-spolocnosti-na-uzemi-kosic-zaciatkom-20-storocia\/\" \/>\n<meta property=\"og:locale\" content=\"en_US\" \/>\n<meta property=\"og:type\" content=\"article\" \/>\n<meta property=\"og:title\" content=\"Reho\u013en\u00e9 spolo\u010dnosti na \u00fazem\u00ed Ko\u0161\u00edc za\u010diatkom 20. storo\u010dia - Dominik\u00e1ni Grant\" \/>\n<meta property=\"og:description\" content=\"Mu\u017esk\u00e9 rehole Dominik\u00e1ni. Okrem kazate\u013eskej \u010dinnosti tu rozvinuli aj edi\u010dn\u00fa\u00a0 [&hellip;]\" \/>\n<meta property=\"og:url\" content=\"https:\/\/www.dominikanigrant.sk\/reholne-spolocnosti-na-uzemi-kosic-zaciatkom-20-storocia\/\" \/>\n<meta property=\"og:site_name\" content=\"Dominik\u00e1ni Grant\" \/>\n<meta property=\"article:publisher\" content=\"https:\/\/www.facebook.com\/Dominik%c3%a1ni-Grant-102597252187835\" \/>\n<meta property=\"article:published_time\" content=\"2023-04-23T14:09:39+00:00\" \/>\n<meta property=\"article:modified_time\" content=\"2024-04-24T07:05:48+00:00\" \/>\n<meta name=\"author\" content=\"Janka Sol\u00e1rov\u00e1\" \/>\n<meta name=\"twitter:card\" content=\"summary_large_image\" \/>\n<meta name=\"twitter:label1\" content=\"Written by\" \/>\n\t<meta name=\"twitter:data1\" content=\"Janka Sol\u00e1rov\u00e1\" \/>\n\t<meta name=\"twitter:label2\" content=\"Est. reading time\" \/>\n\t<meta name=\"twitter:data2\" content=\"4 minutes\" \/>\n<script type=\"application\/ld+json\" class=\"yoast-schema-graph\">{\"@context\":\"https:\/\/schema.org\",\"@graph\":[{\"@type\":\"Article\",\"@id\":\"https:\/\/www.dominikanigrant.sk\/reholne-spolocnosti-na-uzemi-kosic-zaciatkom-20-storocia\/#article\",\"isPartOf\":{\"@id\":\"https:\/\/www.dominikanigrant.sk\/reholne-spolocnosti-na-uzemi-kosic-zaciatkom-20-storocia\/\"},\"author\":{\"name\":\"Janka Sol\u00e1rov\u00e1\",\"@id\":\"https:\/\/www.dominikanigrant.sk\/#\/schema\/person\/5793c99088ab84be2deebda983aed685\"},\"headline\":\"Reho\u013en\u00e9 spolo\u010dnosti na \u00fazem\u00ed Ko\u0161\u00edc za\u010diatkom 20. storo\u010dia\",\"datePublished\":\"2023-04-23T14:09:39+00:00\",\"dateModified\":\"2024-04-24T07:05:48+00:00\",\"mainEntityOfPage\":{\"@id\":\"https:\/\/www.dominikanigrant.sk\/reholne-spolocnosti-na-uzemi-kosic-zaciatkom-20-storocia\/\"},\"wordCount\":751,\"publisher\":{\"@id\":\"https:\/\/www.dominikanigrant.sk\/#organization\"},\"articleSection\":[\"P\u00e1ter Mikul\u00e1\u0161 Lexmann\"],\"inLanguage\":\"en-US\"},{\"@type\":\"WebPage\",\"@id\":\"https:\/\/www.dominikanigrant.sk\/reholne-spolocnosti-na-uzemi-kosic-zaciatkom-20-storocia\/\",\"url\":\"https:\/\/www.dominikanigrant.sk\/reholne-spolocnosti-na-uzemi-kosic-zaciatkom-20-storocia\/\",\"name\":\"Reho\u013en\u00e9 spolo\u010dnosti na \u00fazem\u00ed Ko\u0161\u00edc za\u010diatkom 20. storo\u010dia - Dominik\u00e1ni Grant\",\"isPartOf\":{\"@id\":\"https:\/\/www.dominikanigrant.sk\/#website\"},\"datePublished\":\"2023-04-23T14:09:39+00:00\",\"dateModified\":\"2024-04-24T07:05:48+00:00\",\"breadcrumb\":{\"@id\":\"https:\/\/www.dominikanigrant.sk\/reholne-spolocnosti-na-uzemi-kosic-zaciatkom-20-storocia\/#breadcrumb\"},\"inLanguage\":\"en-US\",\"potentialAction\":[{\"@type\":\"ReadAction\",\"target\":[\"https:\/\/www.dominikanigrant.sk\/reholne-spolocnosti-na-uzemi-kosic-zaciatkom-20-storocia\/\"]}]},{\"@type\":\"BreadcrumbList\",\"@id\":\"https:\/\/www.dominikanigrant.sk\/reholne-spolocnosti-na-uzemi-kosic-zaciatkom-20-storocia\/#breadcrumb\",\"itemListElement\":[{\"@type\":\"ListItem\",\"position\":1,\"name\":\"Home\",\"item\":\"https:\/\/www.dominikanigrant.sk\/en\/\"},{\"@type\":\"ListItem\",\"position\":2,\"name\":\"Reho\u013en\u00e9 spolo\u010dnosti na \u00fazem\u00ed Ko\u0161\u00edc za\u010diatkom 20. storo\u010dia\"}]},{\"@type\":\"WebSite\",\"@id\":\"https:\/\/www.dominikanigrant.sk\/#website\",\"url\":\"https:\/\/www.dominikanigrant.sk\/\",\"name\":\"Dominik\u00e1ni Grant\",\"description\":\"Dne\u0161ok je mostom k zajtraj\u0161ku \u2013 Dominik\u00e1nsky kostol v Ko\u0161iciach \u2013 re\u0161taurovanie fas\u00e1dy\",\"publisher\":{\"@id\":\"https:\/\/www.dominikanigrant.sk\/#organization\"},\"potentialAction\":[{\"@type\":\"SearchAction\",\"target\":{\"@type\":\"EntryPoint\",\"urlTemplate\":\"https:\/\/www.dominikanigrant.sk\/?s={search_term_string}\"},\"query-input\":\"required name=search_term_string\"}],\"inLanguage\":\"en-US\"},{\"@type\":\"Organization\",\"@id\":\"https:\/\/www.dominikanigrant.sk\/#organization\",\"name\":\"DOMINIK\u00c1NI GRANT\",\"url\":\"https:\/\/www.dominikanigrant.sk\/\",\"logo\":{\"@type\":\"ImageObject\",\"inLanguage\":\"en-US\",\"@id\":\"https:\/\/www.dominikanigrant.sk\/#\/schema\/logo\/image\/\",\"url\":\"https:\/\/www.dominikanigrant.sk\/wp-content\/uploads\/2021\/04\/dominikanigrant-logo2x.png\",\"contentUrl\":\"https:\/\/www.dominikanigrant.sk\/wp-content\/uploads\/2021\/04\/dominikanigrant-logo2x.png\",\"width\":183,\"height\":153,\"caption\":\"DOMINIK\u00c1NI GRANT\"},\"image\":{\"@id\":\"https:\/\/www.dominikanigrant.sk\/#\/schema\/logo\/image\/\"},\"sameAs\":[\"https:\/\/www.facebook.com\/Dominik\u00e1ni-Grant-102597252187835\"]},{\"@type\":\"Person\",\"@id\":\"https:\/\/www.dominikanigrant.sk\/#\/schema\/person\/5793c99088ab84be2deebda983aed685\",\"name\":\"Janka Sol\u00e1rov\u00e1\"}]}<\/script>\n<!-- \/ Yoast SEO plugin. -->","yoast_head_json":{"title":"Reho\u013en\u00e9 spolo\u010dnosti na \u00fazem\u00ed Ko\u0161\u00edc za\u010diatkom 20. storo\u010dia - Dominik\u00e1ni Grant","robots":{"index":"index","follow":"follow","max-snippet":"max-snippet:-1","max-image-preview":"max-image-preview:large","max-video-preview":"max-video-preview:-1"},"canonical":"https:\/\/www.dominikanigrant.sk\/reholne-spolocnosti-na-uzemi-kosic-zaciatkom-20-storocia\/","og_locale":"en_US","og_type":"article","og_title":"Reho\u013en\u00e9 spolo\u010dnosti na \u00fazem\u00ed Ko\u0161\u00edc za\u010diatkom 20. storo\u010dia - Dominik\u00e1ni Grant","og_description":"Mu\u017esk\u00e9 rehole Dominik\u00e1ni. Okrem kazate\u013eskej \u010dinnosti tu rozvinuli aj edi\u010dn\u00fa\u00a0 [&hellip;]","og_url":"https:\/\/www.dominikanigrant.sk\/reholne-spolocnosti-na-uzemi-kosic-zaciatkom-20-storocia\/","og_site_name":"Dominik\u00e1ni Grant","article_publisher":"https:\/\/www.facebook.com\/Dominik%c3%a1ni-Grant-102597252187835","article_published_time":"2023-04-23T14:09:39+00:00","article_modified_time":"2024-04-24T07:05:48+00:00","author":"Janka Sol\u00e1rov\u00e1","twitter_card":"summary_large_image","twitter_misc":{"Written by":"Janka Sol\u00e1rov\u00e1","Est. reading time":"4 minutes"},"schema":{"@context":"https:\/\/schema.org","@graph":[{"@type":"Article","@id":"https:\/\/www.dominikanigrant.sk\/reholne-spolocnosti-na-uzemi-kosic-zaciatkom-20-storocia\/#article","isPartOf":{"@id":"https:\/\/www.dominikanigrant.sk\/reholne-spolocnosti-na-uzemi-kosic-zaciatkom-20-storocia\/"},"author":{"name":"Janka Sol\u00e1rov\u00e1","@id":"https:\/\/www.dominikanigrant.sk\/#\/schema\/person\/5793c99088ab84be2deebda983aed685"},"headline":"Reho\u013en\u00e9 spolo\u010dnosti na \u00fazem\u00ed Ko\u0161\u00edc za\u010diatkom 20. storo\u010dia","datePublished":"2023-04-23T14:09:39+00:00","dateModified":"2024-04-24T07:05:48+00:00","mainEntityOfPage":{"@id":"https:\/\/www.dominikanigrant.sk\/reholne-spolocnosti-na-uzemi-kosic-zaciatkom-20-storocia\/"},"wordCount":751,"publisher":{"@id":"https:\/\/www.dominikanigrant.sk\/#organization"},"articleSection":["P\u00e1ter Mikul\u00e1\u0161 Lexmann"],"inLanguage":"en-US"},{"@type":"WebPage","@id":"https:\/\/www.dominikanigrant.sk\/reholne-spolocnosti-na-uzemi-kosic-zaciatkom-20-storocia\/","url":"https:\/\/www.dominikanigrant.sk\/reholne-spolocnosti-na-uzemi-kosic-zaciatkom-20-storocia\/","name":"Reho\u013en\u00e9 spolo\u010dnosti na \u00fazem\u00ed Ko\u0161\u00edc za\u010diatkom 20. storo\u010dia - Dominik\u00e1ni Grant","isPartOf":{"@id":"https:\/\/www.dominikanigrant.sk\/#website"},"datePublished":"2023-04-23T14:09:39+00:00","dateModified":"2024-04-24T07:05:48+00:00","breadcrumb":{"@id":"https:\/\/www.dominikanigrant.sk\/reholne-spolocnosti-na-uzemi-kosic-zaciatkom-20-storocia\/#breadcrumb"},"inLanguage":"en-US","potentialAction":[{"@type":"ReadAction","target":["https:\/\/www.dominikanigrant.sk\/reholne-spolocnosti-na-uzemi-kosic-zaciatkom-20-storocia\/"]}]},{"@type":"BreadcrumbList","@id":"https:\/\/www.dominikanigrant.sk\/reholne-spolocnosti-na-uzemi-kosic-zaciatkom-20-storocia\/#breadcrumb","itemListElement":[{"@type":"ListItem","position":1,"name":"Home","item":"https:\/\/www.dominikanigrant.sk\/en\/"},{"@type":"ListItem","position":2,"name":"Reho\u013en\u00e9 spolo\u010dnosti na \u00fazem\u00ed Ko\u0161\u00edc za\u010diatkom 20. storo\u010dia"}]},{"@type":"WebSite","@id":"https:\/\/www.dominikanigrant.sk\/#website","url":"https:\/\/www.dominikanigrant.sk\/","name":"Dominik\u00e1ni Grant","description":"Dne\u0161ok je mostom k zajtraj\u0161ku \u2013 Dominik\u00e1nsky kostol v Ko\u0161iciach \u2013 re\u0161taurovanie fas\u00e1dy","publisher":{"@id":"https:\/\/www.dominikanigrant.sk\/#organization"},"potentialAction":[{"@type":"SearchAction","target":{"@type":"EntryPoint","urlTemplate":"https:\/\/www.dominikanigrant.sk\/?s={search_term_string}"},"query-input":"required name=search_term_string"}],"inLanguage":"en-US"},{"@type":"Organization","@id":"https:\/\/www.dominikanigrant.sk\/#organization","name":"DOMINIK\u00c1NI GRANT","url":"https:\/\/www.dominikanigrant.sk\/","logo":{"@type":"ImageObject","inLanguage":"en-US","@id":"https:\/\/www.dominikanigrant.sk\/#\/schema\/logo\/image\/","url":"https:\/\/www.dominikanigrant.sk\/wp-content\/uploads\/2021\/04\/dominikanigrant-logo2x.png","contentUrl":"https:\/\/www.dominikanigrant.sk\/wp-content\/uploads\/2021\/04\/dominikanigrant-logo2x.png","width":183,"height":153,"caption":"DOMINIK\u00c1NI GRANT"},"image":{"@id":"https:\/\/www.dominikanigrant.sk\/#\/schema\/logo\/image\/"},"sameAs":["https:\/\/www.facebook.com\/Dominik\u00e1ni-Grant-102597252187835"]},{"@type":"Person","@id":"https:\/\/www.dominikanigrant.sk\/#\/schema\/person\/5793c99088ab84be2deebda983aed685","name":"Janka Sol\u00e1rov\u00e1"}]}},"_links":{"self":[{"href":"https:\/\/www.dominikanigrant.sk\/en\/wp-json\/wp\/v2\/posts\/1677"}],"collection":[{"href":"https:\/\/www.dominikanigrant.sk\/en\/wp-json\/wp\/v2\/posts"}],"about":[{"href":"https:\/\/www.dominikanigrant.sk\/en\/wp-json\/wp\/v2\/types\/post"}],"author":[{"embeddable":true,"href":"https:\/\/www.dominikanigrant.sk\/en\/wp-json\/wp\/v2\/users\/4"}],"replies":[{"embeddable":true,"href":"https:\/\/www.dominikanigrant.sk\/en\/wp-json\/wp\/v2\/comments?post=1677"}],"version-history":[{"count":1,"href":"https:\/\/www.dominikanigrant.sk\/en\/wp-json\/wp\/v2\/posts\/1677\/revisions"}],"predecessor-version":[{"id":1678,"href":"https:\/\/www.dominikanigrant.sk\/en\/wp-json\/wp\/v2\/posts\/1677\/revisions\/1678"}],"wp:attachment":[{"href":"https:\/\/www.dominikanigrant.sk\/en\/wp-json\/wp\/v2\/media?parent=1677"}],"wp:term":[{"taxonomy":"category","embeddable":true,"href":"https:\/\/www.dominikanigrant.sk\/en\/wp-json\/wp\/v2\/categories?post=1677"},{"taxonomy":"post_tag","embeddable":true,"href":"https:\/\/www.dominikanigrant.sk\/en\/wp-json\/wp\/v2\/tags?post=1677"}],"curies":[{"name":"wp","href":"https:\/\/api.w.org\/{rel}","templated":true}]}}