{"id":1746,"date":"2023-04-25T05:32:02","date_gmt":"2023-04-25T03:32:02","guid":{"rendered":"https:\/\/www.dominikanigrant.sk\/?p=1746"},"modified":"2024-04-25T05:34:11","modified_gmt":"2024-04-25T03:34:11","slug":"prazska-jar-a-normalizacia","status":"publish","type":"post","link":"https:\/\/www.dominikanigrant.sk\/en\/prazska-jar-a-normalizacia\/","title":{"rendered":"Pra\u017esk\u00e1 jar a normaliz\u00e1cia"},"content":{"rendered":"<p>E\u0161te v doznievaj\u00facej atmosf\u00e9re politick\u00e9ho uvo\u013enenia, tzv. Pra\u017eskej jari, v\u00a0 novembri 1968, rozhodla Gener\u00e1lna prokurat\u00fara o tom, \u017ee z\u00e1sah proti\u00a0 reholiam z roku 1950 nemal z\u00e1konn\u00fd podklad a rehole ako tak\u00e9 neboli\u00a0 z\u00e1sahom zru\u0161en\u00e9. Nemalo im by\u0165 preto br\u00e1nen\u00e9 prij\u00edma\u0165 dorast a obnovova\u0165\u00a0 reho\u013en\u00fd \u017eivot. S postupuj\u00facou normaliz\u00e1ciou v\u0161ak bolo toto rozhodnutie\u00a0 zru\u0161en\u00e9 a \u00daV KS\u010c nesk\u00f4r (v m\u00e1ji 1970) \u00faplne odmietol mo\u017enos\u0165 leg\u00e1lneho\u00a0 p\u00f4sobenia mu\u017esk\u00fdch rehol\u00ed. \u017densk\u00e9 rehole mohli od roku 1968 p\u00f4sobi\u0165 v\u00a0 obmedzen\u00fdch podmienkach, v presne ur\u010den\u00fdch komunit\u00e1ch, bez mo\u017enosti\u00a0 prij\u00edma\u0165 nov\u00fdch \u010dlenov.<\/p>\n<p>Pavol Jakub\u010din<\/p>\n","protected":false},"excerpt":{"rendered":"<p>E\u0161te v doznievaj\u00facej atmosf\u00e9re politick\u00e9ho uvo\u013enenia, tzv. Pra\u017eskej jari, v\u00a0 [&hellip;]<\/p>\n","protected":false},"author":4,"featured_media":0,"comment_status":"closed","ping_status":"open","sticky":false,"template":"","format":"standard","meta":{"footnotes":""},"categories":[33],"tags":[],"yoast_head":"<!-- This site is optimized with the Yoast SEO plugin v21.6 - https:\/\/yoast.com\/wordpress\/plugins\/seo\/ -->\n<title>Pra\u017esk\u00e1 jar a normaliz\u00e1cia - Dominik\u00e1ni Grant<\/title>\n<meta name=\"robots\" content=\"index, follow, max-snippet:-1, max-image-preview:large, max-video-preview:-1\" \/>\n<link rel=\"canonical\" href=\"https:\/\/www.dominikanigrant.sk\/prazska-jar-a-normalizacia\/\" \/>\n<meta property=\"og:locale\" content=\"en_US\" \/>\n<meta property=\"og:type\" content=\"article\" \/>\n<meta property=\"og:title\" content=\"Pra\u017esk\u00e1 jar a normaliz\u00e1cia - Dominik\u00e1ni Grant\" \/>\n<meta property=\"og:description\" content=\"E\u0161te v doznievaj\u00facej atmosf\u00e9re politick\u00e9ho uvo\u013enenia, tzv. Pra\u017eskej jari, v\u00a0 [&hellip;]\" \/>\n<meta property=\"og:url\" content=\"https:\/\/www.dominikanigrant.sk\/prazska-jar-a-normalizacia\/\" \/>\n<meta property=\"og:site_name\" content=\"Dominik\u00e1ni Grant\" \/>\n<meta property=\"article:publisher\" content=\"https:\/\/www.facebook.com\/Dominik%c3%a1ni-Grant-102597252187835\" \/>\n<meta property=\"article:published_time\" content=\"2023-04-25T03:32:02+00:00\" \/>\n<meta property=\"article:modified_time\" content=\"2024-04-25T03:34:11+00:00\" \/>\n<meta name=\"author\" content=\"Janka Sol\u00e1rov\u00e1\" \/>\n<meta name=\"twitter:card\" content=\"summary_large_image\" \/>\n<meta name=\"twitter:label1\" content=\"Written by\" \/>\n\t<meta name=\"twitter:data1\" content=\"Janka Sol\u00e1rov\u00e1\" \/>\n\t<meta name=\"twitter:label2\" content=\"Est. reading time\" \/>\n\t<meta name=\"twitter:data2\" content=\"1 minute\" \/>\n<script type=\"application\/ld+json\" class=\"yoast-schema-graph\">{\"@context\":\"https:\/\/schema.org\",\"@graph\":[{\"@type\":\"Article\",\"@id\":\"https:\/\/www.dominikanigrant.sk\/prazska-jar-a-normalizacia\/#article\",\"isPartOf\":{\"@id\":\"https:\/\/www.dominikanigrant.sk\/prazska-jar-a-normalizacia\/\"},\"author\":{\"name\":\"Janka Sol\u00e1rov\u00e1\",\"@id\":\"https:\/\/www.dominikanigrant.sk\/#\/schema\/person\/5793c99088ab84be2deebda983aed685\"},\"headline\":\"Pra\u017esk\u00e1 jar a normaliz\u00e1cia\",\"datePublished\":\"2023-04-25T03:32:02+00:00\",\"dateModified\":\"2024-04-25T03:34:11+00:00\",\"mainEntityOfPage\":{\"@id\":\"https:\/\/www.dominikanigrant.sk\/prazska-jar-a-normalizacia\/\"},\"wordCount\":125,\"publisher\":{\"@id\":\"https:\/\/www.dominikanigrant.sk\/#organization\"},\"articleSection\":[\"P\u00e1ter Mikul\u00e1\u0161 Lexmann\"],\"inLanguage\":\"en-US\"},{\"@type\":\"WebPage\",\"@id\":\"https:\/\/www.dominikanigrant.sk\/prazska-jar-a-normalizacia\/\",\"url\":\"https:\/\/www.dominikanigrant.sk\/prazska-jar-a-normalizacia\/\",\"name\":\"Pra\u017esk\u00e1 jar a normaliz\u00e1cia - Dominik\u00e1ni Grant\",\"isPartOf\":{\"@id\":\"https:\/\/www.dominikanigrant.sk\/#website\"},\"datePublished\":\"2023-04-25T03:32:02+00:00\",\"dateModified\":\"2024-04-25T03:34:11+00:00\",\"breadcrumb\":{\"@id\":\"https:\/\/www.dominikanigrant.sk\/prazska-jar-a-normalizacia\/#breadcrumb\"},\"inLanguage\":\"en-US\",\"potentialAction\":[{\"@type\":\"ReadAction\",\"target\":[\"https:\/\/www.dominikanigrant.sk\/prazska-jar-a-normalizacia\/\"]}]},{\"@type\":\"BreadcrumbList\",\"@id\":\"https:\/\/www.dominikanigrant.sk\/prazska-jar-a-normalizacia\/#breadcrumb\",\"itemListElement\":[{\"@type\":\"ListItem\",\"position\":1,\"name\":\"Home\",\"item\":\"https:\/\/www.dominikanigrant.sk\/en\/\"},{\"@type\":\"ListItem\",\"position\":2,\"name\":\"Pra\u017esk\u00e1 jar a normaliz\u00e1cia\"}]},{\"@type\":\"WebSite\",\"@id\":\"https:\/\/www.dominikanigrant.sk\/#website\",\"url\":\"https:\/\/www.dominikanigrant.sk\/\",\"name\":\"Dominik\u00e1ni Grant\",\"description\":\"Dne\u0161ok je mostom k zajtraj\u0161ku \u2013 Dominik\u00e1nsky kostol v Ko\u0161iciach \u2013 re\u0161taurovanie fas\u00e1dy\",\"publisher\":{\"@id\":\"https:\/\/www.dominikanigrant.sk\/#organization\"},\"potentialAction\":[{\"@type\":\"SearchAction\",\"target\":{\"@type\":\"EntryPoint\",\"urlTemplate\":\"https:\/\/www.dominikanigrant.sk\/?s={search_term_string}\"},\"query-input\":\"required name=search_term_string\"}],\"inLanguage\":\"en-US\"},{\"@type\":\"Organization\",\"@id\":\"https:\/\/www.dominikanigrant.sk\/#organization\",\"name\":\"DOMINIK\u00c1NI GRANT\",\"url\":\"https:\/\/www.dominikanigrant.sk\/\",\"logo\":{\"@type\":\"ImageObject\",\"inLanguage\":\"en-US\",\"@id\":\"https:\/\/www.dominikanigrant.sk\/#\/schema\/logo\/image\/\",\"url\":\"https:\/\/www.dominikanigrant.sk\/wp-content\/uploads\/2021\/04\/dominikanigrant-logo2x.png\",\"contentUrl\":\"https:\/\/www.dominikanigrant.sk\/wp-content\/uploads\/2021\/04\/dominikanigrant-logo2x.png\",\"width\":183,\"height\":153,\"caption\":\"DOMINIK\u00c1NI GRANT\"},\"image\":{\"@id\":\"https:\/\/www.dominikanigrant.sk\/#\/schema\/logo\/image\/\"},\"sameAs\":[\"https:\/\/www.facebook.com\/Dominik\u00e1ni-Grant-102597252187835\"]},{\"@type\":\"Person\",\"@id\":\"https:\/\/www.dominikanigrant.sk\/#\/schema\/person\/5793c99088ab84be2deebda983aed685\",\"name\":\"Janka Sol\u00e1rov\u00e1\"}]}<\/script>\n<!-- \/ Yoast SEO plugin. -->","yoast_head_json":{"title":"Pra\u017esk\u00e1 jar a normaliz\u00e1cia - Dominik\u00e1ni Grant","robots":{"index":"index","follow":"follow","max-snippet":"max-snippet:-1","max-image-preview":"max-image-preview:large","max-video-preview":"max-video-preview:-1"},"canonical":"https:\/\/www.dominikanigrant.sk\/prazska-jar-a-normalizacia\/","og_locale":"en_US","og_type":"article","og_title":"Pra\u017esk\u00e1 jar a normaliz\u00e1cia - Dominik\u00e1ni Grant","og_description":"E\u0161te v doznievaj\u00facej atmosf\u00e9re politick\u00e9ho uvo\u013enenia, tzv. Pra\u017eskej jari, v\u00a0 [&hellip;]","og_url":"https:\/\/www.dominikanigrant.sk\/prazska-jar-a-normalizacia\/","og_site_name":"Dominik\u00e1ni Grant","article_publisher":"https:\/\/www.facebook.com\/Dominik%c3%a1ni-Grant-102597252187835","article_published_time":"2023-04-25T03:32:02+00:00","article_modified_time":"2024-04-25T03:34:11+00:00","author":"Janka Sol\u00e1rov\u00e1","twitter_card":"summary_large_image","twitter_misc":{"Written by":"Janka Sol\u00e1rov\u00e1","Est. reading time":"1 minute"},"schema":{"@context":"https:\/\/schema.org","@graph":[{"@type":"Article","@id":"https:\/\/www.dominikanigrant.sk\/prazska-jar-a-normalizacia\/#article","isPartOf":{"@id":"https:\/\/www.dominikanigrant.sk\/prazska-jar-a-normalizacia\/"},"author":{"name":"Janka Sol\u00e1rov\u00e1","@id":"https:\/\/www.dominikanigrant.sk\/#\/schema\/person\/5793c99088ab84be2deebda983aed685"},"headline":"Pra\u017esk\u00e1 jar a normaliz\u00e1cia","datePublished":"2023-04-25T03:32:02+00:00","dateModified":"2024-04-25T03:34:11+00:00","mainEntityOfPage":{"@id":"https:\/\/www.dominikanigrant.sk\/prazska-jar-a-normalizacia\/"},"wordCount":125,"publisher":{"@id":"https:\/\/www.dominikanigrant.sk\/#organization"},"articleSection":["P\u00e1ter Mikul\u00e1\u0161 Lexmann"],"inLanguage":"en-US"},{"@type":"WebPage","@id":"https:\/\/www.dominikanigrant.sk\/prazska-jar-a-normalizacia\/","url":"https:\/\/www.dominikanigrant.sk\/prazska-jar-a-normalizacia\/","name":"Pra\u017esk\u00e1 jar a normaliz\u00e1cia - Dominik\u00e1ni Grant","isPartOf":{"@id":"https:\/\/www.dominikanigrant.sk\/#website"},"datePublished":"2023-04-25T03:32:02+00:00","dateModified":"2024-04-25T03:34:11+00:00","breadcrumb":{"@id":"https:\/\/www.dominikanigrant.sk\/prazska-jar-a-normalizacia\/#breadcrumb"},"inLanguage":"en-US","potentialAction":[{"@type":"ReadAction","target":["https:\/\/www.dominikanigrant.sk\/prazska-jar-a-normalizacia\/"]}]},{"@type":"BreadcrumbList","@id":"https:\/\/www.dominikanigrant.sk\/prazska-jar-a-normalizacia\/#breadcrumb","itemListElement":[{"@type":"ListItem","position":1,"name":"Home","item":"https:\/\/www.dominikanigrant.sk\/en\/"},{"@type":"ListItem","position":2,"name":"Pra\u017esk\u00e1 jar a normaliz\u00e1cia"}]},{"@type":"WebSite","@id":"https:\/\/www.dominikanigrant.sk\/#website","url":"https:\/\/www.dominikanigrant.sk\/","name":"Dominik\u00e1ni Grant","description":"Dne\u0161ok je mostom k zajtraj\u0161ku \u2013 Dominik\u00e1nsky kostol v Ko\u0161iciach \u2013 re\u0161taurovanie fas\u00e1dy","publisher":{"@id":"https:\/\/www.dominikanigrant.sk\/#organization"},"potentialAction":[{"@type":"SearchAction","target":{"@type":"EntryPoint","urlTemplate":"https:\/\/www.dominikanigrant.sk\/?s={search_term_string}"},"query-input":"required name=search_term_string"}],"inLanguage":"en-US"},{"@type":"Organization","@id":"https:\/\/www.dominikanigrant.sk\/#organization","name":"DOMINIK\u00c1NI GRANT","url":"https:\/\/www.dominikanigrant.sk\/","logo":{"@type":"ImageObject","inLanguage":"en-US","@id":"https:\/\/www.dominikanigrant.sk\/#\/schema\/logo\/image\/","url":"https:\/\/www.dominikanigrant.sk\/wp-content\/uploads\/2021\/04\/dominikanigrant-logo2x.png","contentUrl":"https:\/\/www.dominikanigrant.sk\/wp-content\/uploads\/2021\/04\/dominikanigrant-logo2x.png","width":183,"height":153,"caption":"DOMINIK\u00c1NI GRANT"},"image":{"@id":"https:\/\/www.dominikanigrant.sk\/#\/schema\/logo\/image\/"},"sameAs":["https:\/\/www.facebook.com\/Dominik\u00e1ni-Grant-102597252187835"]},{"@type":"Person","@id":"https:\/\/www.dominikanigrant.sk\/#\/schema\/person\/5793c99088ab84be2deebda983aed685","name":"Janka Sol\u00e1rov\u00e1"}]}},"_links":{"self":[{"href":"https:\/\/www.dominikanigrant.sk\/en\/wp-json\/wp\/v2\/posts\/1746"}],"collection":[{"href":"https:\/\/www.dominikanigrant.sk\/en\/wp-json\/wp\/v2\/posts"}],"about":[{"href":"https:\/\/www.dominikanigrant.sk\/en\/wp-json\/wp\/v2\/types\/post"}],"author":[{"embeddable":true,"href":"https:\/\/www.dominikanigrant.sk\/en\/wp-json\/wp\/v2\/users\/4"}],"replies":[{"embeddable":true,"href":"https:\/\/www.dominikanigrant.sk\/en\/wp-json\/wp\/v2\/comments?post=1746"}],"version-history":[{"count":1,"href":"https:\/\/www.dominikanigrant.sk\/en\/wp-json\/wp\/v2\/posts\/1746\/revisions"}],"predecessor-version":[{"id":1747,"href":"https:\/\/www.dominikanigrant.sk\/en\/wp-json\/wp\/v2\/posts\/1746\/revisions\/1747"}],"wp:attachment":[{"href":"https:\/\/www.dominikanigrant.sk\/en\/wp-json\/wp\/v2\/media?parent=1746"}],"wp:term":[{"taxonomy":"category","embeddable":true,"href":"https:\/\/www.dominikanigrant.sk\/en\/wp-json\/wp\/v2\/categories?post=1746"},{"taxonomy":"post_tag","embeddable":true,"href":"https:\/\/www.dominikanigrant.sk\/en\/wp-json\/wp\/v2\/tags?post=1746"}],"curies":[{"name":"wp","href":"https:\/\/api.w.org\/{rel}","templated":true}]}}