{"id":262,"date":"2021-06-16T22:45:52","date_gmt":"2021-06-16T20:45:52","guid":{"rendered":"https:\/\/www.dominikanigrant.sk\/?p=262"},"modified":"2021-06-16T22:59:54","modified_gmt":"2021-06-16T20:59:54","slug":"opening-conference","status":"publish","type":"post","link":"https:\/\/www.dominikanigrant.sk\/en\/opening-conference\/","title":{"rendered":"OPENING CONFERENCE"},"content":{"rendered":"<div class=\"page\" title=\"Page 2\">\n<div class=\"section\">\n<div class=\"layoutArea\">\n<div class=\"column\">\n<p>Dominican Convent in Kos\u030cice invites you to the opening conference on grant project: \u201eToday as a bridge to tomorrow \u2013 Dominican church in Kos\u030cice \u2013 restoration of the facade\u201c. The conference will occur on Wednesday 23th of June, 2021 at 4:00 PM UTC in a Dominican cultural center (Dominika\u0301nske na\u0301mestie 6, Kos\u030cice).<\/p>\n<div class=\"page\" title=\"Page 2\">\n<div class=\"section\">\n<div class=\"layoutArea\">\n<div class=\"column\"><\/div>\n<\/div>\n<\/div>\n<\/div>\n<p><strong>PROGRAMME<span class=\"Apple-converted-space\">\u00a0<\/span><\/strong><\/p>\n<p><b>Conference opening: <\/b>fr. Irenej Maro\u0161 Fintor, OP<span class=\"Apple-converted-space\">\u00a0<\/span><\/p>\n<p><b>Introductory video: Youtube odkaz<span class=\"Apple-converted-space\">\u00a0<\/span><\/b><\/p>\n<p><b>Speeches:<span class=\"Apple-converted-space\">\u00a0<\/span><\/b><\/p>\n<p>Jana Dackov\u00e1, Head of Program Management, EEA and Norway Grants Department<span class=\"Apple-converted-space\">\u00a0<\/span><\/p>\n<p>Igor Petrovc\u030c\u00edk, Mayor of The Old Town of Ko\u0161ice<\/p>\n<p>Pavol Dec\u030co, President of the Regional Organization of the Confederation of Political Prisoners <b>Youtube odkaz<span class=\"Apple-converted-space\">\u00a0<\/span><\/b><\/p>\n<p><b>Project presentations:<span class=\"Apple-converted-space\">\u00a0<\/span><\/b><\/p>\n<p>Mari\u00e1n Slavom\u00edr Hovanec, OP &#8211; Restoration of the church facade &#8211; Vavrinec Radoslav Mitro, OP &#8211; Cultural Center Veritas<\/p>\n<p>Jon Atle Wetaas, OP, prior of the Dominican Convent in Oslo &#8211; Norwegian project partner<\/p>\n<p>Karoly M\u00e1ria Draveck\u00e1,OP &#8211; prior provincial of the Congregation of blessed Imelda &#8211; Slovak project partner<span class=\"Apple-converted-space\">\u00a0<\/span><\/p>\n<p><b>Discussion<span class=\"Apple-converted-space\">\u00a0<\/span><\/b><\/p>\n<p><b>Conclusion<span class=\"Apple-converted-space\">\u00a0<\/span><\/b><\/p>\n<\/div>\n<\/div>\n<\/div>\n<\/div>\n","protected":false},"excerpt":{"rendered":"<p>Dominican Convent in Kos\u030cice invites you to the opening conference [&hellip;]<\/p>\n","protected":false},"author":2,"featured_media":271,"comment_status":"open","ping_status":"open","sticky":false,"template":"","format":"standard","meta":{"footnotes":""},"categories":[4],"tags":[],"yoast_head":"<!-- This site is optimized with the Yoast SEO plugin v21.6 - https:\/\/yoast.com\/wordpress\/plugins\/seo\/ -->\n<title>OPENING CONFERENCE - Dominik\u00e1ni Grant<\/title>\n<meta name=\"robots\" content=\"index, follow, max-snippet:-1, max-image-preview:large, max-video-preview:-1\" \/>\n<link rel=\"canonical\" href=\"https:\/\/www.dominikanigrant.sk\/en\/opening-conference\/\" \/>\n<meta property=\"og:locale\" content=\"en_US\" \/>\n<meta property=\"og:type\" content=\"article\" \/>\n<meta property=\"og:title\" content=\"OPENING CONFERENCE - Dominik\u00e1ni Grant\" \/>\n<meta property=\"og:description\" content=\"Dominican Convent in Kos\u030cice invites you to the opening conference [&hellip;]\" \/>\n<meta property=\"og:url\" content=\"https:\/\/www.dominikanigrant.sk\/en\/opening-conference\/\" \/>\n<meta property=\"og:site_name\" content=\"Dominik\u00e1ni Grant\" \/>\n<meta property=\"article:publisher\" content=\"https:\/\/www.facebook.com\/Dominik%c3%a1ni-Grant-102597252187835\" \/>\n<meta property=\"article:published_time\" content=\"2021-06-16T20:45:52+00:00\" \/>\n<meta property=\"article:modified_time\" content=\"2021-06-16T20:59:54+00:00\" \/>\n<meta property=\"og:image\" content=\"https:\/\/www.dominikanigrant.sk\/wp-content\/uploads\/2021\/06\/IMG_2272.jpeg\" \/>\n\t<meta property=\"og:image:width\" content=\"1707\" \/>\n\t<meta property=\"og:image:height\" content=\"1280\" \/>\n\t<meta property=\"og:image:type\" content=\"image\/jpeg\" \/>\n<meta name=\"author\" content=\"Mari\u00e1n Hovanec\" \/>\n<meta name=\"twitter:card\" content=\"summary_large_image\" \/>\n<meta name=\"twitter:label1\" content=\"Written by\" \/>\n\t<meta name=\"twitter:data1\" content=\"Mari\u00e1n Hovanec\" \/>\n\t<meta name=\"twitter:label2\" content=\"Est. reading time\" \/>\n\t<meta name=\"twitter:data2\" content=\"1 minute\" \/>\n<script type=\"application\/ld+json\" class=\"yoast-schema-graph\">{\"@context\":\"https:\/\/schema.org\",\"@graph\":[{\"@type\":\"Article\",\"@id\":\"https:\/\/www.dominikanigrant.sk\/en\/opening-conference\/#article\",\"isPartOf\":{\"@id\":\"https:\/\/www.dominikanigrant.sk\/en\/opening-conference\/\"},\"author\":{\"name\":\"Mari\u00e1n Hovanec\",\"@id\":\"https:\/\/www.dominikanigrant.sk\/#\/schema\/person\/f3120110e06fcb823ca134a0414bc5da\"},\"headline\":\"OPENING CONFERENCE\",\"datePublished\":\"2021-06-16T20:45:52+00:00\",\"dateModified\":\"2021-06-16T20:59:54+00:00\",\"mainEntityOfPage\":{\"@id\":\"https:\/\/www.dominikanigrant.sk\/en\/opening-conference\/\"},\"wordCount\":163,\"commentCount\":0,\"publisher\":{\"@id\":\"https:\/\/www.dominikanigrant.sk\/#organization\"},\"inLanguage\":\"en-US\",\"potentialAction\":[{\"@type\":\"CommentAction\",\"name\":\"Comment\",\"target\":[\"https:\/\/www.dominikanigrant.sk\/en\/opening-conference\/#respond\"]}]},{\"@type\":\"WebPage\",\"@id\":\"https:\/\/www.dominikanigrant.sk\/en\/opening-conference\/\",\"url\":\"https:\/\/www.dominikanigrant.sk\/en\/opening-conference\/\",\"name\":\"OPENING CONFERENCE - Dominik\u00e1ni Grant\",\"isPartOf\":{\"@id\":\"https:\/\/www.dominikanigrant.sk\/#website\"},\"datePublished\":\"2021-06-16T20:45:52+00:00\",\"dateModified\":\"2021-06-16T20:59:54+00:00\",\"breadcrumb\":{\"@id\":\"https:\/\/www.dominikanigrant.sk\/en\/opening-conference\/#breadcrumb\"},\"inLanguage\":\"en-US\",\"potentialAction\":[{\"@type\":\"ReadAction\",\"target\":[\"https:\/\/www.dominikanigrant.sk\/en\/opening-conference\/\"]}]},{\"@type\":\"BreadcrumbList\",\"@id\":\"https:\/\/www.dominikanigrant.sk\/en\/opening-conference\/#breadcrumb\",\"itemListElement\":[{\"@type\":\"ListItem\",\"position\":1,\"name\":\"Home\",\"item\":\"https:\/\/www.dominikanigrant.sk\/en\/\"},{\"@type\":\"ListItem\",\"position\":2,\"name\":\"OPENING CONFERENCE\"}]},{\"@type\":\"WebSite\",\"@id\":\"https:\/\/www.dominikanigrant.sk\/#website\",\"url\":\"https:\/\/www.dominikanigrant.sk\/\",\"name\":\"Dominik\u00e1ni Grant\",\"description\":\"Dne\u0161ok je mostom k zajtraj\u0161ku \u2013 Dominik\u00e1nsky kostol v Ko\u0161iciach \u2013 re\u0161taurovanie fas\u00e1dy\",\"publisher\":{\"@id\":\"https:\/\/www.dominikanigrant.sk\/#organization\"},\"potentialAction\":[{\"@type\":\"SearchAction\",\"target\":{\"@type\":\"EntryPoint\",\"urlTemplate\":\"https:\/\/www.dominikanigrant.sk\/?s={search_term_string}\"},\"query-input\":\"required name=search_term_string\"}],\"inLanguage\":\"en-US\"},{\"@type\":\"Organization\",\"@id\":\"https:\/\/www.dominikanigrant.sk\/#organization\",\"name\":\"DOMINIK\u00c1NI GRANT\",\"url\":\"https:\/\/www.dominikanigrant.sk\/\",\"logo\":{\"@type\":\"ImageObject\",\"inLanguage\":\"en-US\",\"@id\":\"https:\/\/www.dominikanigrant.sk\/#\/schema\/logo\/image\/\",\"url\":\"https:\/\/www.dominikanigrant.sk\/wp-content\/uploads\/2021\/04\/dominikanigrant-logo2x.png\",\"contentUrl\":\"https:\/\/www.dominikanigrant.sk\/wp-content\/uploads\/2021\/04\/dominikanigrant-logo2x.png\",\"width\":183,\"height\":153,\"caption\":\"DOMINIK\u00c1NI GRANT\"},\"image\":{\"@id\":\"https:\/\/www.dominikanigrant.sk\/#\/schema\/logo\/image\/\"},\"sameAs\":[\"https:\/\/www.facebook.com\/Dominik\u00e1ni-Grant-102597252187835\"]},{\"@type\":\"Person\",\"@id\":\"https:\/\/www.dominikanigrant.sk\/#\/schema\/person\/f3120110e06fcb823ca134a0414bc5da\",\"name\":\"Mari\u00e1n Hovanec\"}]}<\/script>\n<!-- \/ Yoast SEO plugin. -->","yoast_head_json":{"title":"OPENING CONFERENCE - Dominik\u00e1ni Grant","robots":{"index":"index","follow":"follow","max-snippet":"max-snippet:-1","max-image-preview":"max-image-preview:large","max-video-preview":"max-video-preview:-1"},"canonical":"https:\/\/www.dominikanigrant.sk\/en\/opening-conference\/","og_locale":"en_US","og_type":"article","og_title":"OPENING CONFERENCE - Dominik\u00e1ni Grant","og_description":"Dominican Convent in Kos\u030cice invites you to the opening conference [&hellip;]","og_url":"https:\/\/www.dominikanigrant.sk\/en\/opening-conference\/","og_site_name":"Dominik\u00e1ni Grant","article_publisher":"https:\/\/www.facebook.com\/Dominik%c3%a1ni-Grant-102597252187835","article_published_time":"2021-06-16T20:45:52+00:00","article_modified_time":"2021-06-16T20:59:54+00:00","og_image":[{"width":1707,"height":1280,"url":"https:\/\/www.dominikanigrant.sk\/wp-content\/uploads\/2021\/06\/IMG_2272.jpeg","type":"image\/jpeg"}],"author":"Mari\u00e1n Hovanec","twitter_card":"summary_large_image","twitter_misc":{"Written by":"Mari\u00e1n Hovanec","Est. reading time":"1 minute"},"schema":{"@context":"https:\/\/schema.org","@graph":[{"@type":"Article","@id":"https:\/\/www.dominikanigrant.sk\/en\/opening-conference\/#article","isPartOf":{"@id":"https:\/\/www.dominikanigrant.sk\/en\/opening-conference\/"},"author":{"name":"Mari\u00e1n Hovanec","@id":"https:\/\/www.dominikanigrant.sk\/#\/schema\/person\/f3120110e06fcb823ca134a0414bc5da"},"headline":"OPENING CONFERENCE","datePublished":"2021-06-16T20:45:52+00:00","dateModified":"2021-06-16T20:59:54+00:00","mainEntityOfPage":{"@id":"https:\/\/www.dominikanigrant.sk\/en\/opening-conference\/"},"wordCount":163,"commentCount":0,"publisher":{"@id":"https:\/\/www.dominikanigrant.sk\/#organization"},"inLanguage":"en-US","potentialAction":[{"@type":"CommentAction","name":"Comment","target":["https:\/\/www.dominikanigrant.sk\/en\/opening-conference\/#respond"]}]},{"@type":"WebPage","@id":"https:\/\/www.dominikanigrant.sk\/en\/opening-conference\/","url":"https:\/\/www.dominikanigrant.sk\/en\/opening-conference\/","name":"OPENING CONFERENCE - Dominik\u00e1ni Grant","isPartOf":{"@id":"https:\/\/www.dominikanigrant.sk\/#website"},"datePublished":"2021-06-16T20:45:52+00:00","dateModified":"2021-06-16T20:59:54+00:00","breadcrumb":{"@id":"https:\/\/www.dominikanigrant.sk\/en\/opening-conference\/#breadcrumb"},"inLanguage":"en-US","potentialAction":[{"@type":"ReadAction","target":["https:\/\/www.dominikanigrant.sk\/en\/opening-conference\/"]}]},{"@type":"BreadcrumbList","@id":"https:\/\/www.dominikanigrant.sk\/en\/opening-conference\/#breadcrumb","itemListElement":[{"@type":"ListItem","position":1,"name":"Home","item":"https:\/\/www.dominikanigrant.sk\/en\/"},{"@type":"ListItem","position":2,"name":"OPENING CONFERENCE"}]},{"@type":"WebSite","@id":"https:\/\/www.dominikanigrant.sk\/#website","url":"https:\/\/www.dominikanigrant.sk\/","name":"Dominik\u00e1ni Grant","description":"Dne\u0161ok je mostom k zajtraj\u0161ku \u2013 Dominik\u00e1nsky kostol v Ko\u0161iciach \u2013 re\u0161taurovanie fas\u00e1dy","publisher":{"@id":"https:\/\/www.dominikanigrant.sk\/#organization"},"potentialAction":[{"@type":"SearchAction","target":{"@type":"EntryPoint","urlTemplate":"https:\/\/www.dominikanigrant.sk\/?s={search_term_string}"},"query-input":"required name=search_term_string"}],"inLanguage":"en-US"},{"@type":"Organization","@id":"https:\/\/www.dominikanigrant.sk\/#organization","name":"DOMINIK\u00c1NI GRANT","url":"https:\/\/www.dominikanigrant.sk\/","logo":{"@type":"ImageObject","inLanguage":"en-US","@id":"https:\/\/www.dominikanigrant.sk\/#\/schema\/logo\/image\/","url":"https:\/\/www.dominikanigrant.sk\/wp-content\/uploads\/2021\/04\/dominikanigrant-logo2x.png","contentUrl":"https:\/\/www.dominikanigrant.sk\/wp-content\/uploads\/2021\/04\/dominikanigrant-logo2x.png","width":183,"height":153,"caption":"DOMINIK\u00c1NI GRANT"},"image":{"@id":"https:\/\/www.dominikanigrant.sk\/#\/schema\/logo\/image\/"},"sameAs":["https:\/\/www.facebook.com\/Dominik\u00e1ni-Grant-102597252187835"]},{"@type":"Person","@id":"https:\/\/www.dominikanigrant.sk\/#\/schema\/person\/f3120110e06fcb823ca134a0414bc5da","name":"Mari\u00e1n Hovanec"}]}},"_links":{"self":[{"href":"https:\/\/www.dominikanigrant.sk\/en\/wp-json\/wp\/v2\/posts\/262"}],"collection":[{"href":"https:\/\/www.dominikanigrant.sk\/en\/wp-json\/wp\/v2\/posts"}],"about":[{"href":"https:\/\/www.dominikanigrant.sk\/en\/wp-json\/wp\/v2\/types\/post"}],"author":[{"embeddable":true,"href":"https:\/\/www.dominikanigrant.sk\/en\/wp-json\/wp\/v2\/users\/2"}],"replies":[{"embeddable":true,"href":"https:\/\/www.dominikanigrant.sk\/en\/wp-json\/wp\/v2\/comments?post=262"}],"version-history":[{"count":5,"href":"https:\/\/www.dominikanigrant.sk\/en\/wp-json\/wp\/v2\/posts\/262\/revisions"}],"predecessor-version":[{"id":277,"href":"https:\/\/www.dominikanigrant.sk\/en\/wp-json\/wp\/v2\/posts\/262\/revisions\/277"}],"wp:featuredmedia":[{"embeddable":true,"href":"https:\/\/www.dominikanigrant.sk\/en\/wp-json\/wp\/v2\/media\/271"}],"wp:attachment":[{"href":"https:\/\/www.dominikanigrant.sk\/en\/wp-json\/wp\/v2\/media?parent=262"}],"wp:term":[{"taxonomy":"category","embeddable":true,"href":"https:\/\/www.dominikanigrant.sk\/en\/wp-json\/wp\/v2\/categories?post=262"},{"taxonomy":"post_tag","embeddable":true,"href":"https:\/\/www.dominikanigrant.sk\/en\/wp-json\/wp\/v2\/tags?post=262"}],"curies":[{"name":"wp","href":"https:\/\/api.w.org\/{rel}","templated":true}]}}